{"id":164549,"date":"2025-03-27T11:49:37","date_gmt":"2025-03-27T11:49:37","guid":{"rendered":"https:\/\/www.one.org\/africa\/?p=164549"},"modified":"2025-04-08T12:12:55","modified_gmt":"2025-04-08T12:12:55","slug":"ma-participation-a-la-38e-session-de-lunion-africaine-une-experience-enrichissante-et-engagee","status":"publish","type":"post","link":"https:\/\/www.one.org\/africa\/stories\/ma-participation-a-la-38e-session-de-lunion-africaine-une-experience-enrichissante-et-engagee\/","title":{"rendered":"Ma Participation \u00e0 la 38e Session de l&#8217;Union Africaine : Une Exp\u00e9rience Enrichissante et Engag\u00e9e"},"content":{"rendered":"\n<p>Du 13 au 18 f\u00e9vrier 2025 en tant que ONE Champion pour l\u2019Afrique, j&#8217;ai eu l&#8217;honneur d\u2019\u00eatre invit\u00e9e par The ONE Campaign Afrique pour repr\u00e9senter la C\u00f4te d\u2019Ivoire \u00e0 la 38e session de l&#8217;Union Africaine \u00e0 Addis-Abeba en Ethiopie. Arriv\u00e9e le jeudi 13 F\u00e9vrier 2025, j\u2019ai particip\u00e9 \u00e0 des rencontres de haut niveau et des panels sur le financement du d\u00e9veloppement et les strat\u00e9gies de croissance pour l&#8217;Afrique.<\/p>\n\n\n\n<p><strong>Un Engagement au Service du Continent<\/strong><\/p>\n\n\n\n<p>Ce sommet s&#8217;est tenu sous le th\u00e8me <em>&#8220;Justice pour les Africains et les personnes d\u2019ascendance africaine par le biais des r\u00e9parations&#8221;<\/em>. <strong><\/strong><\/p>\n\n\n\n<p>Les diff\u00e9rentes rencontres ont permis des \u00e9changes fructueux avec des ministres, des dirigeants africains, ainsi que des experts \u00e9conomiques internationaux. Les activit\u00e9s se sont concentr\u00e9es sur des th\u00e9matiques li\u00e9es \u00e0 la sant\u00e9, l&#8217;\u00e9conomie, l&#8217;int\u00e9gration et les objectifs de d\u00e9veloppement durable.<\/p>\n\n\n\n<p>Les diff\u00e9rentes rencontres ont permis des \u00e9changes fructueux avec des ministres, des dirigeants africains, ainsi que des experts \u00e9conomiques internationaux. Les activit\u00e9s se sont concentr\u00e9es sur des th\u00e9matiques li\u00e9es \u00e0 la sant\u00e9, l&#8217;\u00e9conomie, l&#8217;int\u00e9gration et les objectifs de d\u00e9veloppement durable.<\/p>\n\n\n\n<h3 class=\"wp-block-heading\" id=\"h-des-moments-forts-et-impactants\"><strong>Des Moments Forts et Impactants<\/strong><\/h3>\n\n\n\n<ul class=\"wp-block-list\">\n<li><strong>Petit d\u00e9jeuner pr\u00e9sidentiel sur la cr\u00e9ation d\u2019une agence africaine de notation du cr\u00e9dit<\/strong> : Cette rencontre a mis en avant la volont\u00e9 des dirigeants africains de cr\u00e9er une agence de notation panafricaine. Si le syst\u00e8me de notation des agences occidentales a des proc\u00e9dures de notation inadapt\u00e9es aux r\u00e9alit\u00e9s de l\u2019Afrique, l\u2019urgence est que nos dirigeants mettent en place leur propre agence qui int\u00e8gre des donn\u00e9es et des indicateurs sp\u00e9cifiques au continent. Cette derni\u00e8re, l&#8217;AFCRA, devrait \u00eatre officiellement lanc\u00e9e en juin prochain.<\/li>\n<\/ul>\n\n\n\n<ul class=\"wp-block-list\">\n<li><strong>C\u00e9r\u00e9monie d&#8217;ouverture de la session<\/strong> : Les interventions de personnalit\u00e9s telles que S.E. Moussa Faki Mahamat, Pr\u00e9sident de la Commission de l&#8217;UA; S.E. Mohamed Ould Cheikh El Ghazouani, Pr\u00e9sident de l&#8217;UA et Pr\u00e9sident de la Mauritanie et S.E. Ant\u00f3nio Guterres, Secr\u00e9taire g\u00e9n\u00e9ral de l&#8217;ONU, ont rappel\u00e9 l&#8217;urgence de de la justice r\u00e9paratrice et la n\u00e9cessit\u00e9 de renforcer l&#8217;ind\u00e9pendance financi\u00e8re et politique de l&#8217;Afrique. En effet, pour que le continent puisse aller r\u00e9ellement de l\u2019avant, il faudrait que les injustices dont elle a \u00e9t\u00e9 et continue d\u2019\u00eatre victime depuis l\u2019\u00e9poque coloniale soient officiellement reconnues et que des bases plus saines, justes et \u00e9quitables de collaboration soient \u00e9tablis.<\/li>\n<\/ul>\n\n\n\n<ul class=\"wp-block-list\">\n<li><strong>R\u00e9union minist\u00e9rielle sur l\u2019acc\u00e8s aux vaccins<\/strong> : Un moment cl\u00e9 pour d\u00e9battre du renforcement des capacit\u00e9s de production africaine en vaccins et de la r\u00e9duction de la d\u00e9pendance ext\u00e9rieure. Il a \u00e9t\u00e9 soulign\u00e9 la n\u00e9cessit\u00e9 d&#8217;\u00e9tablir un nouvel ordre sanitaire qui puisse am\u00e9liorer l&#8217;existant et permettre de g\u00e9rer des d\u00e9fis urgents. Il est \u00e9galement crucial d&#8217;am\u00e9liorer le cadre infra-national pour garantir une production et une distribution plus efficace et \u00e9quitable des vaccins \u00e0 travers le continent.<\/li>\n\n\n\n<li><strong>Participation \u00e0 Africa Business Forum<\/strong> : Ce fut une belle occasion de discuter des cha\u00eenes de valeur r\u00e9gionales et du d\u00e9veloppement du commerce intra-africain. Au regard des d\u00e9fis urgents de l\u2019Afrique, il est essentiel de d\u00e9velopper les cha\u00eenes de valeur en cr\u00e9ant des corridors intra-africains afin de faciliter les transferts de services et de comp\u00e9tences entre les \u00c9tats. La solidarit\u00e9 mutuelle entre les pays, la r\u00e9duction des taxes douani\u00e8res, l&#8217;inspiration des r\u00e9ussites africaines, le soutien aux producteurs locaux par la consommation de produits africains, ainsi que l&#8217;investissement dans la production et la transformation locale, sont des leviers majeurs pour impulser le changement et le positionnement de l\u2019Afrique sur le plan mondial. <\/li>\n<\/ul>\n\n\n\n<h3 class=\"wp-block-heading\"><a><\/a><strong>Des Rencontres Strat\u00e9giques<\/strong><\/h3>\n\n\n\n<p><br>Ma participation m\u2019a permis d\u2019\u00e9changer avec plusieurs personnalit\u00e9s influentes, dont le Vice-Pr\u00e9sident de la C\u00f4te d\u2019Ivoire, S.E. Ti\u00e9moko Meyliet KON\u00c9, le Directeur G\u00e9n\u00e9ral de l\u2019Institut International du Vaccin, Dr. Jerome KIM, le Ministre Ivoirien du Commerce et de l\u2019Industrie, M. Souleymane DIARRASSOUBA, ainsi que des diplomates et experts africains. Ces rencontres ont renforc\u00e9 ma conviction quant \u00e0 l&#8217;importance du plaidoyer et du travail de terrain pour influencer les d\u00e9cisions strat\u00e9giques.<a><\/a><\/p>\n\n\n\n<h3 class=\"wp-block-heading\"><strong>Le\u00e7ons et Perspectives<\/strong><\/h3>\n\n\n\n<p>Je suis particuli\u00e8rement reconnaissante \u00e0 ONE Campaign Afrique pour le choix port\u00e9 sur mon profil pour participer \u00e0 cet \u00e9v\u00e9nement m\u00e9morable. J\u2019ai \u00e9t\u00e9 enrichie des \u00e9changes de hauts niveaux et discut\u00e9 avec d&#8217;\u00e9minentes personnalit\u00e9s d\u2019Afrique et d&#8217;ailleurs. La communication autour de ma participation \u00e0 cette activit\u00e9 a permis d\u2019am\u00e9liorer mon branding, d\u00e9velopper mon r\u00e9seau, tisser des partenariats et renforcer ma cr\u00e9dibilit\u00e9 devant mes collaborateurs.&nbsp;<\/p>\n\n\n\n<p>Cette exp\u00e9rience a tenu toutes ses promesses et en tant que ONE Champion, je repars de ce sommet, plus d\u00e9termin\u00e9e que jamais \u00e0 poursuivre mon engagement pour une Afrique forte, souveraine et prosp\u00e8re. Mon r\u00f4le dans la d\u00e9fense des droits humains et l&#8217;action humanitaire ne fait que s\u2019intensifier, avec une perspective plus large et des outils plus aff\u00fbt\u00e9s pour impacter durablement mon continent.<\/p>\n\n\n\n<p>Aussi, je r\u00e9affirme ma disponibilit\u00e9 \u00e0 remplir mes engagements vis-\u00e0-vis de ONE Campaign en tant que ONE Champion pour l\u2019Afrique.<\/p>\n<div class=\"buffer\"><\/div>","protected":false},"excerpt":{"rendered":"<p>Du 13 au 18 f\u00e9vrier 2025 en tant que ONE Champion pour l\u2019Afrique, j&#8217;ai eu l&#8217;honneur d\u2019\u00eatre invit\u00e9e par The ONE Campaign Afrique pour repr\u00e9senter la C\u00f4te d\u2019Ivoire \u00e0 la 38e session de l&#8217;Union Africaine \u00e0 Addis-Abeba en Ethiopie. Arriv\u00e9e le jeudi 13 F\u00e9vrier 2025, j\u2019ai particip\u00e9 \u00e0 des rencontres de haut niveau et des [&hellip;]<\/p>\n","protected":false},"author":0,"featured_media":164550,"comment_status":"closed","ping_status":"closed","sticky":false,"template":"","format":"standard","meta":{"_acf_changed":false,"_relevanssi_hide_post":"","_relevanssi_hide_content":"","_relevanssi_pin_for_all":"","_relevanssi_pin_keywords":"","_relevanssi_unpin_keywords":"","_relevanssi_related_keywords":"","_relevanssi_related_include_ids":"","_relevanssi_related_exclude_ids":"","_relevanssi_related_no_append":"","_relevanssi_related_not_related":"","_relevanssi_related_posts":"161888,161892,162098,161778,164538,162047","_relevanssi_noindex_reason":"","footnotes":""},"categories":[1],"tags":[],"topic":[],"contributor":[364,125],"one_content_audience":[],"one_content_type":[],"one_content_tone":[],"class_list":["post-164549","post","type-post","status-publish","format-standard","has-post-thumbnail","hentry","category-uncategorized","contributor-kone-gnoungo-karidja","contributor-one-campaign"],"acf":[],"yoast_head":"<!-- This site is optimized with the Yoast SEO Premium plugin v27.1 (Yoast SEO v27.1.1) - https:\/\/yoast.com\/product\/yoast-seo-premium-wordpress\/ -->\n<title>Ma Participation \u00e0 la 38e Session de l&#039;Union Africaine : Une Exp\u00e9rience Enrichissante et Engag\u00e9e - ONE.org Africa<\/title>\n<meta name=\"robots\" content=\"index, follow, max-snippet:-1, max-image-preview:large, max-video-preview:-1\" \/>\n<link rel=\"canonical\" href=\"https:\/\/www.one.org\/africa\/stories\/ma-participation-a-la-38e-session-de-lunion-africaine-une-experience-enrichissante-et-engagee\/\" \/>\n<meta property=\"og:locale\" content=\"en_US\" \/>\n<meta property=\"og:type\" content=\"article\" \/>\n<meta property=\"og:title\" content=\"Ma Participation \u00e0 la 38e Session de l&#039;Union Africaine : Une Exp\u00e9rience Enrichissante et Engag\u00e9e\" \/>\n<meta property=\"og:description\" content=\"Du 13 au 18 f\u00e9vrier 2025 en tant que ONE Champion pour l\u2019Afrique, j&#8217;ai eu l&#8217;honneur d\u2019\u00eatre invit\u00e9e par The ONE Campaign Afrique pour repr\u00e9senter la C\u00f4te d\u2019Ivoire \u00e0 la 38e session de l&#8217;Union Africaine \u00e0 Addis-Abeba en Ethiopie. Arriv\u00e9e le jeudi 13 F\u00e9vrier 2025, j\u2019ai particip\u00e9 \u00e0 des rencontres de haut niveau et des [&hellip;]\" \/>\n<meta property=\"og:url\" content=\"https:\/\/www.one.org\/africa\/stories\/ma-participation-a-la-38e-session-de-lunion-africaine-une-experience-enrichissante-et-engagee\/\" \/>\n<meta property=\"og:site_name\" content=\"ONE.org Africa\" \/>\n<meta property=\"article:publisher\" content=\"https:\/\/www.facebook.com\/ONEinAfrica\" \/>\n<meta property=\"article:published_time\" content=\"2025-03-27T11:49:37+00:00\" \/>\n<meta property=\"article:modified_time\" content=\"2025-04-08T12:12:55+00:00\" \/>\n<meta property=\"og:image\" content=\"http:\/\/www.one.org\/africa\/wp-content\/uploads\/sites\/5\/2025\/03\/Picture8.jpg\" \/>\n\t<meta property=\"og:image:width\" content=\"348\" \/>\n\t<meta property=\"og:image:height\" content=\"482\" \/>\n\t<meta property=\"og:image:type\" content=\"image\/jpeg\" \/>\n<meta name=\"twitter:card\" content=\"summary_large_image\" \/>\n<meta name=\"twitter:creator\" content=\"@ONEinAfrica\" \/>\n<meta name=\"twitter:site\" content=\"@ONEinAfrica\" \/>\n<meta name=\"twitter:label1\" content=\"Est. reading time\" \/>\n\t<meta name=\"twitter:data1\" content=\"4 minutes\" \/>\n<script type=\"application\/ld+json\" class=\"yoast-schema-graph\">{\"@context\":\"https:\/\/schema.org\",\"@graph\":[{\"@type\":\"Article\",\"@id\":\"https:\/\/www.one.org\/africa\/stories\/ma-participation-a-la-38e-session-de-lunion-africaine-une-experience-enrichissante-et-engagee\/#article\",\"isPartOf\":{\"@id\":\"https:\/\/www.one.org\/africa\/stories\/ma-participation-a-la-38e-session-de-lunion-africaine-une-experience-enrichissante-et-engagee\/\"},\"author\":{\"name\":\"\",\"@id\":\"\"},\"headline\":\"Ma Participation \u00e0 la 38e Session de l&#8217;Union Africaine : Une Exp\u00e9rience Enrichissante et Engag\u00e9e\",\"datePublished\":\"2025-03-27T11:49:37+00:00\",\"dateModified\":\"2025-04-08T12:12:55+00:00\",\"mainEntityOfPage\":{\"@id\":\"https:\/\/www.one.org\/africa\/stories\/ma-participation-a-la-38e-session-de-lunion-africaine-une-experience-enrichissante-et-engagee\/\"},\"wordCount\":932,\"image\":{\"@id\":\"https:\/\/www.one.org\/africa\/stories\/ma-participation-a-la-38e-session-de-lunion-africaine-une-experience-enrichissante-et-engagee\/#primaryimage\"},\"thumbnailUrl\":\"https:\/\/www.one.org\/africa\/wp-content\/uploads\/sites\/5\/2025\/03\/Picture8.jpg\",\"inLanguage\":\"en-US\"},{\"@type\":\"WebPage\",\"@id\":\"https:\/\/www.one.org\/africa\/stories\/ma-participation-a-la-38e-session-de-lunion-africaine-une-experience-enrichissante-et-engagee\/\",\"url\":\"https:\/\/www.one.org\/africa\/stories\/ma-participation-a-la-38e-session-de-lunion-africaine-une-experience-enrichissante-et-engagee\/\",\"name\":\"Ma Participation \u00e0 la 38e Session de l'Union Africaine : Une Exp\u00e9rience Enrichissante et Engag\u00e9e - ONE.org Africa\",\"isPartOf\":{\"@id\":\"https:\/\/www.one.org\/africa\/#website\"},\"primaryImageOfPage\":{\"@id\":\"https:\/\/www.one.org\/africa\/stories\/ma-participation-a-la-38e-session-de-lunion-africaine-une-experience-enrichissante-et-engagee\/#primaryimage\"},\"image\":{\"@id\":\"https:\/\/www.one.org\/africa\/stories\/ma-participation-a-la-38e-session-de-lunion-africaine-une-experience-enrichissante-et-engagee\/#primaryimage\"},\"thumbnailUrl\":\"https:\/\/www.one.org\/africa\/wp-content\/uploads\/sites\/5\/2025\/03\/Picture8.jpg\",\"datePublished\":\"2025-03-27T11:49:37+00:00\",\"dateModified\":\"2025-04-08T12:12:55+00:00\",\"author\":{\"@id\":\"\"},\"breadcrumb\":{\"@id\":\"https:\/\/www.one.org\/africa\/stories\/ma-participation-a-la-38e-session-de-lunion-africaine-une-experience-enrichissante-et-engagee\/#breadcrumb\"},\"inLanguage\":\"en-US\",\"potentialAction\":[{\"@type\":\"ReadAction\",\"target\":[\"https:\/\/www.one.org\/africa\/stories\/ma-participation-a-la-38e-session-de-lunion-africaine-une-experience-enrichissante-et-engagee\/\"]}]},{\"@type\":\"ImageObject\",\"inLanguage\":\"en-US\",\"@id\":\"https:\/\/www.one.org\/africa\/stories\/ma-participation-a-la-38e-session-de-lunion-africaine-une-experience-enrichissante-et-engagee\/#primaryimage\",\"url\":\"https:\/\/www.one.org\/africa\/wp-content\/uploads\/sites\/5\/2025\/03\/Picture8.jpg\",\"contentUrl\":\"https:\/\/www.one.org\/africa\/wp-content\/uploads\/sites\/5\/2025\/03\/Picture8.jpg\",\"width\":348,\"height\":482},{\"@type\":\"BreadcrumbList\",\"@id\":\"https:\/\/www.one.org\/africa\/stories\/ma-participation-a-la-38e-session-de-lunion-africaine-une-experience-enrichissante-et-engagee\/#breadcrumb\",\"itemListElement\":[{\"@type\":\"ListItem\",\"position\":1,\"name\":\"Home\",\"item\":\"https:\/\/www.one.org\/africa\/\"},{\"@type\":\"ListItem\",\"position\":2,\"name\":\"Ma Participation \u00e0 la 38e Session de l&#8217;Union Africaine : Une Exp\u00e9rience Enrichissante et Engag\u00e9e\"}]},{\"@type\":\"WebSite\",\"@id\":\"https:\/\/www.one.org\/africa\/#website\",\"url\":\"https:\/\/www.one.org\/africa\/\",\"name\":\"ONE.org\",\"description\":\"Driving economic opportunities and healthy lives in Africa\",\"potentialAction\":[{\"@type\":\"SearchAction\",\"target\":{\"@type\":\"EntryPoint\",\"urlTemplate\":\"https:\/\/www.one.org\/africa\/?s={search_term_string}\"},\"query-input\":{\"@type\":\"PropertyValueSpecification\",\"valueRequired\":true,\"valueName\":\"search_term_string\"}}],\"inLanguage\":\"en-US\"}]}<\/script>\n<!-- \/ Yoast SEO Premium plugin. -->","yoast_head_json":{"title":"Ma Participation \u00e0 la 38e Session de l'Union Africaine : Une Exp\u00e9rience Enrichissante et Engag\u00e9e - ONE.org Africa","robots":{"index":"index","follow":"follow","max-snippet":"max-snippet:-1","max-image-preview":"max-image-preview:large","max-video-preview":"max-video-preview:-1"},"canonical":"https:\/\/www.one.org\/africa\/stories\/ma-participation-a-la-38e-session-de-lunion-africaine-une-experience-enrichissante-et-engagee\/","og_locale":"en_US","og_type":"article","og_title":"Ma Participation \u00e0 la 38e Session de l'Union Africaine : Une Exp\u00e9rience Enrichissante et Engag\u00e9e","og_description":"Du 13 au 18 f\u00e9vrier 2025 en tant que ONE Champion pour l\u2019Afrique, j&#8217;ai eu l&#8217;honneur d\u2019\u00eatre invit\u00e9e par The ONE Campaign Afrique pour repr\u00e9senter la C\u00f4te d\u2019Ivoire \u00e0 la 38e session de l&#8217;Union Africaine \u00e0 Addis-Abeba en Ethiopie. Arriv\u00e9e le jeudi 13 F\u00e9vrier 2025, j\u2019ai particip\u00e9 \u00e0 des rencontres de haut niveau et des [&hellip;]","og_url":"https:\/\/www.one.org\/africa\/stories\/ma-participation-a-la-38e-session-de-lunion-africaine-une-experience-enrichissante-et-engagee\/","og_site_name":"ONE.org Africa","article_publisher":"https:\/\/www.facebook.com\/ONEinAfrica","article_published_time":"2025-03-27T11:49:37+00:00","article_modified_time":"2025-04-08T12:12:55+00:00","og_image":[{"width":348,"height":482,"url":"http:\/\/www.one.org\/africa\/wp-content\/uploads\/sites\/5\/2025\/03\/Picture8.jpg","type":"image\/jpeg"}],"twitter_card":"summary_large_image","twitter_creator":"@ONEinAfrica","twitter_site":"@ONEinAfrica","twitter_misc":{"Est. reading time":"4 minutes"},"schema":{"@context":"https:\/\/schema.org","@graph":[{"@type":"Article","@id":"https:\/\/www.one.org\/africa\/stories\/ma-participation-a-la-38e-session-de-lunion-africaine-une-experience-enrichissante-et-engagee\/#article","isPartOf":{"@id":"https:\/\/www.one.org\/africa\/stories\/ma-participation-a-la-38e-session-de-lunion-africaine-une-experience-enrichissante-et-engagee\/"},"author":{"name":"","@id":""},"headline":"Ma Participation \u00e0 la 38e Session de l&#8217;Union Africaine : Une Exp\u00e9rience Enrichissante et Engag\u00e9e","datePublished":"2025-03-27T11:49:37+00:00","dateModified":"2025-04-08T12:12:55+00:00","mainEntityOfPage":{"@id":"https:\/\/www.one.org\/africa\/stories\/ma-participation-a-la-38e-session-de-lunion-africaine-une-experience-enrichissante-et-engagee\/"},"wordCount":932,"image":{"@id":"https:\/\/www.one.org\/africa\/stories\/ma-participation-a-la-38e-session-de-lunion-africaine-une-experience-enrichissante-et-engagee\/#primaryimage"},"thumbnailUrl":"https:\/\/www.one.org\/africa\/wp-content\/uploads\/sites\/5\/2025\/03\/Picture8.jpg","inLanguage":"en-US"},{"@type":"WebPage","@id":"https:\/\/www.one.org\/africa\/stories\/ma-participation-a-la-38e-session-de-lunion-africaine-une-experience-enrichissante-et-engagee\/","url":"https:\/\/www.one.org\/africa\/stories\/ma-participation-a-la-38e-session-de-lunion-africaine-une-experience-enrichissante-et-engagee\/","name":"Ma Participation \u00e0 la 38e Session de l'Union Africaine : Une Exp\u00e9rience Enrichissante et Engag\u00e9e - ONE.org Africa","isPartOf":{"@id":"https:\/\/www.one.org\/africa\/#website"},"primaryImageOfPage":{"@id":"https:\/\/www.one.org\/africa\/stories\/ma-participation-a-la-38e-session-de-lunion-africaine-une-experience-enrichissante-et-engagee\/#primaryimage"},"image":{"@id":"https:\/\/www.one.org\/africa\/stories\/ma-participation-a-la-38e-session-de-lunion-africaine-une-experience-enrichissante-et-engagee\/#primaryimage"},"thumbnailUrl":"https:\/\/www.one.org\/africa\/wp-content\/uploads\/sites\/5\/2025\/03\/Picture8.jpg","datePublished":"2025-03-27T11:49:37+00:00","dateModified":"2025-04-08T12:12:55+00:00","author":{"@id":""},"breadcrumb":{"@id":"https:\/\/www.one.org\/africa\/stories\/ma-participation-a-la-38e-session-de-lunion-africaine-une-experience-enrichissante-et-engagee\/#breadcrumb"},"inLanguage":"en-US","potentialAction":[{"@type":"ReadAction","target":["https:\/\/www.one.org\/africa\/stories\/ma-participation-a-la-38e-session-de-lunion-africaine-une-experience-enrichissante-et-engagee\/"]}]},{"@type":"ImageObject","inLanguage":"en-US","@id":"https:\/\/www.one.org\/africa\/stories\/ma-participation-a-la-38e-session-de-lunion-africaine-une-experience-enrichissante-et-engagee\/#primaryimage","url":"https:\/\/www.one.org\/africa\/wp-content\/uploads\/sites\/5\/2025\/03\/Picture8.jpg","contentUrl":"https:\/\/www.one.org\/africa\/wp-content\/uploads\/sites\/5\/2025\/03\/Picture8.jpg","width":348,"height":482},{"@type":"BreadcrumbList","@id":"https:\/\/www.one.org\/africa\/stories\/ma-participation-a-la-38e-session-de-lunion-africaine-une-experience-enrichissante-et-engagee\/#breadcrumb","itemListElement":[{"@type":"ListItem","position":1,"name":"Home","item":"https:\/\/www.one.org\/africa\/"},{"@type":"ListItem","position":2,"name":"Ma Participation \u00e0 la 38e Session de l&#8217;Union Africaine : Une Exp\u00e9rience Enrichissante et Engag\u00e9e"}]},{"@type":"WebSite","@id":"https:\/\/www.one.org\/africa\/#website","url":"https:\/\/www.one.org\/africa\/","name":"ONE.org","description":"Driving economic opportunities and healthy lives in Africa","potentialAction":[{"@type":"SearchAction","target":{"@type":"EntryPoint","urlTemplate":"https:\/\/www.one.org\/africa\/?s={search_term_string}"},"query-input":{"@type":"PropertyValueSpecification","valueRequired":true,"valueName":"search_term_string"}}],"inLanguage":"en-US"}]}},"distributor_meta":false,"distributor_terms":false,"distributor_media":false,"distributor_original_site_name":"ONE.org Africa","distributor_original_site_url":"https:\/\/www.one.org\/africa","push-errors":false,"_links":{"self":[{"href":"https:\/\/www.one.org\/africa\/wp-json\/wp\/v2\/posts\/164549","targetHints":{"allow":["GET"]}}],"collection":[{"href":"https:\/\/www.one.org\/africa\/wp-json\/wp\/v2\/posts"}],"about":[{"href":"https:\/\/www.one.org\/africa\/wp-json\/wp\/v2\/types\/post"}],"replies":[{"embeddable":true,"href":"https:\/\/www.one.org\/africa\/wp-json\/wp\/v2\/comments?post=164549"}],"version-history":[{"count":0,"href":"https:\/\/www.one.org\/africa\/wp-json\/wp\/v2\/posts\/164549\/revisions"}],"wp:featuredmedia":[{"embeddable":true,"href":"https:\/\/www.one.org\/africa\/wp-json\/wp\/v2\/media\/164550"}],"wp:attachment":[{"href":"https:\/\/www.one.org\/africa\/wp-json\/wp\/v2\/media?parent=164549"}],"wp:term":[{"taxonomy":"category","embeddable":true,"href":"https:\/\/www.one.org\/africa\/wp-json\/wp\/v2\/categories?post=164549"},{"taxonomy":"post_tag","embeddable":true,"href":"https:\/\/www.one.org\/africa\/wp-json\/wp\/v2\/tags?post=164549"},{"taxonomy":"topic","embeddable":true,"href":"https:\/\/www.one.org\/africa\/wp-json\/wp\/v2\/topic?post=164549"},{"taxonomy":"contributor","embeddable":true,"href":"https:\/\/www.one.org\/africa\/wp-json\/wp\/v2\/contributor?post=164549"},{"taxonomy":"one_content_audience","embeddable":true,"href":"https:\/\/www.one.org\/africa\/wp-json\/wp\/v2\/one_content_audience?post=164549"},{"taxonomy":"one_content_type","embeddable":true,"href":"https:\/\/www.one.org\/africa\/wp-json\/wp\/v2\/one_content_type?post=164549"},{"taxonomy":"one_content_tone","embeddable":true,"href":"https:\/\/www.one.org\/africa\/wp-json\/wp\/v2\/one_content_tone?post=164549"}],"curies":[{"name":"wp","href":"https:\/\/api.w.org\/{rel}","templated":true}]}}