{"id":164538,"date":"2025-03-27T10:41:57","date_gmt":"2025-03-27T10:41:57","guid":{"rendered":"https:\/\/www.one.org\/africa\/?p=164538"},"modified":"2025-04-08T12:13:02","modified_gmt":"2025-04-08T12:13:02","slug":"mon-experience-au-38eme-sommet-de-lunion-africaine-en-tant-que-one-champion","status":"publish","type":"post","link":"https:\/\/www.one.org\/africa\/stories\/mon-experience-au-38eme-sommet-de-lunion-africaine-en-tant-que-one-champion\/","title":{"rendered":"Mon exp\u00e9rience au 38\u00e8me Sommet de l&#8217;Union Africaine en tant que ONE Champion"},"content":{"rendered":"\n<p>L\u2019opportunit\u00e9 qui m\u2019a \u00e9t\u00e9 offerte de participer au 38\u00e8me Sommet de l\u2019Union Africaine en tant que ONE Champion mandat\u00e9 par ONE Campaign me motive dans ma position de promouvoir un d\u00e9veloppement inclusif et durable dans les pays africains.<\/p>\n\n\n\n<p>Cette exp\u00e9rience a non seulement \u00e9largi mes horizons, mais elle a \u00e9galement renforc\u00e9 mon engagement profond pour le d\u00e9veloppement durable sur notre continent. Le 38\u00e8me sommet de l\u2019UA a rassembl\u00e9 des leaders africains, des d\u00e9cideurs politiques, des experts en d\u00e9veloppement, ainsi que des repr\u00e9sentants de la soci\u00e9t\u00e9 civile, pour discuter des nombreux d\u00e9fis et opportunit\u00e9s qui se pr\u00e9sentent \u00e0 l\u2019Afrique aujourd\u2019hui. Ces \u00e9changes m&#8217;ont permis d\u2019appr\u00e9hender les enjeux \u00e9conomiques et sociaux qui touchent notre continent avec une clart\u00e9 nouvelle. Les discussions riches et vari\u00e9es, combin\u00e9es aux diff\u00e9rentes perspectives partag\u00e9es, ont constitu\u00e9 une plateforme d\u2019apprentissage inestimable.<\/p>\n\n\n\n<p>Un des th\u00e8mes majeurs du sommet \u00e9tait, sans surprise, le financement du d\u00e9veloppement, qui demeure un sujet primordial pour l&#8217;avenir de l&#8217;Afrique, surtout dans le contexte g\u00e9opolitique actuel. Je suis convaincu que pour v\u00e9ritablement promouvoir notre d\u00e9veloppement, il est essentiel que l\u2019Afrique finance son propre d\u00e9veloppement. Dans cette optique, j&#8217;ai plaid\u00e9 pour un renforcement des m\u00e9canismes de financement internes, partageant ainsi ma vision du d\u00e9veloppement avec des experts et des leaders politiques. Ce sommet m\u2019a davantage confort\u00e9 sur ma position selon laquelle, il est crucial d\u2019\u00e9lever les capacit\u00e9s des institutions financi\u00e8res africaines \u00e0 mobiliser les ressources n\u00e9cessaires pour financer des projets infrastructurels, \u00e9ducatifs, et sanitaires qui p\u00e9rennisent notre autonomie.<\/p>\n\n\n\n<p>Les initiatives de d\u00e9veloppement ne doivent pas d\u00e9pendre uniquement de l\u2019aide internationale et forte heureusement, des d\u00e9cisions prises par de grandes puissances ont permis aujourd\u2019hui \u00e0 l\u2019Afrique de prendre consciences des urgences de financer son propre d\u00e9veloppement.<\/p>\n\n\n\n<figure class=\"wp-block-image is-resized\"><img loading=\"lazy\" decoding=\"async\" width=\"637\" height=\"478\" src=\"http:\/\/www.one.org\/africa\/wp-content\/uploads\/sites\/5\/2025\/03\/Picture2french.jpg\" alt=\"\" class=\"wp-image-164541\" style=\"width:773px;height:auto\" srcset=\"https:\/\/www.one.org\/africa\/wp-content\/uploads\/sites\/5\/2025\/03\/Picture2french.jpg 637w, https:\/\/www.one.org\/africa\/wp-content\/uploads\/sites\/5\/2025\/03\/Picture2french-300x225.jpg 300w, https:\/\/www.one.org\/africa\/wp-content\/uploads\/sites\/5\/2025\/03\/Picture2french-16x12.jpg 16w, https:\/\/www.one.org\/africa\/wp-content\/uploads\/sites\/5\/2025\/03\/Picture2french-320x240.jpg 320w\" sizes=\"auto, (max-width: 637px) 100vw, 637px\" \/><\/figure>\n\n\n\n<p>Certaines discussions m\u2019ont particuli\u00e8rement marqu\u00e9 : de nombreux pays africains luttent pour mobiliser des ressources financi\u00e8res \u00e0 travers des partenariats public-priv\u00e9, des innovations pour am\u00e9liorer les m\u00e9canismes de financement du d\u00e9veloppement, une am\u00e9lioration de la fiscalit\u00e9 locale, permettant ainsi de positionner le continent sur la voie d\u2019une croissance durable. J&#8217;ai eu l&#8217;opportunit\u00e9 d&#8217;\u00e9couter de fervents d\u00e9fenseurs de ce financement interne, qui exploitent les richesses culturelles et naturelles de l&#8217;Afrique pour promouvoir un d\u00e9veloppement inclusif. D\u2019ailleurs, l\u2019exemple du Gabon avec la transformation du bois a \u00e9t\u00e9 pour moi une des meilleures sources d\u2019inspiration.<\/p>\n\n\n\n<figure class=\"wp-block-image\"><img loading=\"lazy\" decoding=\"async\" width=\"479\" height=\"359\" src=\"http:\/\/www.one.org\/africa\/wp-content\/uploads\/sites\/5\/2025\/03\/Picture5.jpg\" alt=\"\" class=\"wp-image-164543\" srcset=\"https:\/\/www.one.org\/africa\/wp-content\/uploads\/sites\/5\/2025\/03\/Picture5.jpg 479w, https:\/\/www.one.org\/africa\/wp-content\/uploads\/sites\/5\/2025\/03\/Picture5-300x225.jpg 300w, https:\/\/www.one.org\/africa\/wp-content\/uploads\/sites\/5\/2025\/03\/Picture5-16x12.jpg 16w, https:\/\/www.one.org\/africa\/wp-content\/uploads\/sites\/5\/2025\/03\/Picture5-320x240.jpg 320w\" sizes=\"auto, (max-width: 479px) 100vw, 479px\" \/><\/figure>\n\n\n\n<p>Les panels de discussion et les ateliers pratiques ont \u00e9galement mis en avant les bonnes pratiques appliqu\u00e9es dans diff\u00e9rentes r\u00e9gions du continent. Cela a \u00e9t\u00e9 le cadre id\u00e9al pour \u00e9changer des id\u00e9es novatrices : am\u00e9liorer l\u2019acc\u00e8s \u00e0 la production de vaccins, renforcer la formation des jeunes dans les domaines scientifiques et techniques et l\u2019agriculture durable sont des imp\u00e9ratifs qui doivent \u00eatre au c\u0153ur de notre strat\u00e9gie de d\u00e9veloppement. Seule par la coop\u00e9ration r\u00e9gionale et l\u2019alignement des efforts entre pays permettra de faire face aux d\u00e9fis communs. Ces \u00e9changes ont \u00e9galement mis l\u2019accent sur l\u2019importance de l&#8217;implication des jeunes. En tant que g\u00e9n\u00e9ration d&#8217;avenir, il est inacceptable que la voix des jeunes ne soit pas entendue sur des questions qui affectent notre futur. J\u2019ai salu\u00e9 le r\u00f4le actif que de nombreux jeunes africains jouent d\u00e9j\u00e0 pour prendre leurs destins en main par l\u2019entrepreneuriat et l\u2019innovation dans les discussions avec les experts lors du Forum des Entreprises Africaines.<\/p>\n\n\n\n<p>En d\u00e9finitive, ma participation au 38\u00e8me Sommet de l&#8217;Union Africaine en tant que ONE Champion a \u00e9t\u00e9 une exp\u00e9rience inoubliable, renfor\u00e7ant ma volont\u00e9 de militer pour le financement de d\u00e9veloppement en Afrique, non seulement de mani\u00e8re collaborative, mais aussi ind\u00e9pendante et durable. En quittant le sommet, je me suis senti revigor\u00e9 et d\u00e9termin\u00e9 \u00e0 agir. Je crois fermement que chaque individu a un r\u00f4le \u00e0 jouer dans la transformation de notre continent. Que ce soit en s&#8217;engageant dans des initiatives locales, en soutenant des projets de d\u00e9veloppement ou en plaidant pour des politiques favorables, chaque geste compte. Engageons-nous pour un d\u00e9veloppement durable, pour l&#8217;int\u00e9gration africaine, et pour un avenir o\u00f9 chaque voix compte. Enfin, je vous invite \u00e0 rejoindre ONE car nous pouvons ensemble faire la diff\u00e9rence.<\/p>\n\n\n\n<p><\/p>\n<div class=\"buffer\"><\/div>","protected":false},"excerpt":{"rendered":"<p>L\u2019opportunit\u00e9 qui m\u2019a \u00e9t\u00e9 offerte de participer au 38\u00e8me Sommet de l\u2019Union Africaine en tant que ONE Champion mandat\u00e9 par ONE Campaign me motive dans ma position de promouvoir un d\u00e9veloppement inclusif et durable dans les pays africains. Cette exp\u00e9rience a non seulement \u00e9largi mes horizons, mais elle a \u00e9galement renforc\u00e9 mon engagement profond pour [&hellip;]<\/p>\n","protected":false},"author":0,"featured_media":164539,"comment_status":"closed","ping_status":"closed","sticky":false,"template":"","format":"standard","meta":{"_acf_changed":false,"_relevanssi_hide_post":"","_relevanssi_hide_content":"","_relevanssi_pin_for_all":"","_relevanssi_pin_keywords":"","_relevanssi_unpin_keywords":"","_relevanssi_related_keywords":"","_relevanssi_related_include_ids":"","_relevanssi_related_exclude_ids":"","_relevanssi_related_no_append":"","_relevanssi_related_not_related":"","_relevanssi_related_posts":"162097,161976,161831,161745,161995,161775","_relevanssi_noindex_reason":"","footnotes":""},"categories":[49],"tags":[303],"topic":[],"contributor":[363,140],"one_content_audience":[],"one_content_type":[],"one_content_tone":[],"class_list":["post-164538","post","type-post","status-publish","format-standard","has-post-thumbnail","hentry","category-one","tag-one-activists","contributor-birane-macoly","contributor-one-champions"],"acf":[],"yoast_head":"<!-- This site is optimized with the Yoast SEO Premium plugin v27.1 (Yoast SEO v27.1.1) - https:\/\/yoast.com\/product\/yoast-seo-premium-wordpress\/ -->\n<title>Mon exp\u00e9rience au 38\u00e8me Sommet de l&#039;Union Africaine en tant que ONE Champion - ONE.org Africa<\/title>\n<meta name=\"robots\" content=\"index, follow, max-snippet:-1, max-image-preview:large, max-video-preview:-1\" \/>\n<link rel=\"canonical\" href=\"https:\/\/www.one.org\/africa\/stories\/mon-experience-au-38eme-sommet-de-lunion-africaine-en-tant-que-one-champion\/\" \/>\n<meta property=\"og:locale\" content=\"en_US\" \/>\n<meta property=\"og:type\" content=\"article\" \/>\n<meta property=\"og:title\" content=\"Mon exp\u00e9rience au 38\u00e8me Sommet de l&#039;Union Africaine en tant que ONE Champion\" \/>\n<meta property=\"og:description\" content=\"L\u2019opportunit\u00e9 qui m\u2019a \u00e9t\u00e9 offerte de participer au 38\u00e8me Sommet de l\u2019Union Africaine en tant que ONE Champion mandat\u00e9 par ONE Campaign me motive dans ma position de promouvoir un d\u00e9veloppement inclusif et durable dans les pays africains. Cette exp\u00e9rience a non seulement \u00e9largi mes horizons, mais elle a \u00e9galement renforc\u00e9 mon engagement profond pour [&hellip;]\" \/>\n<meta property=\"og:url\" content=\"https:\/\/www.one.org\/africa\/stories\/mon-experience-au-38eme-sommet-de-lunion-africaine-en-tant-que-one-champion\/\" \/>\n<meta property=\"og:site_name\" content=\"ONE.org Africa\" \/>\n<meta property=\"article:publisher\" content=\"https:\/\/www.facebook.com\/ONEinAfrica\" \/>\n<meta property=\"article:published_time\" content=\"2025-03-27T10:41:57+00:00\" \/>\n<meta property=\"article:modified_time\" content=\"2025-04-08T12:13:02+00:00\" \/>\n<meta property=\"og:image\" content=\"http:\/\/www.one.org\/africa\/wp-content\/uploads\/sites\/5\/2025\/03\/Picture1french.jpg\" \/>\n\t<meta property=\"og:image:width\" content=\"494\" \/>\n\t<meta property=\"og:image:height\" content=\"617\" \/>\n\t<meta property=\"og:image:type\" content=\"image\/jpeg\" \/>\n<meta name=\"twitter:card\" content=\"summary_large_image\" \/>\n<meta name=\"twitter:creator\" content=\"@ONEinAfrica\" \/>\n<meta name=\"twitter:site\" content=\"@ONEinAfrica\" \/>\n<meta name=\"twitter:label1\" content=\"Est. reading time\" \/>\n\t<meta name=\"twitter:data1\" content=\"4 minutes\" \/>\n<script type=\"application\/ld+json\" class=\"yoast-schema-graph\">{\"@context\":\"https:\/\/schema.org\",\"@graph\":[{\"@type\":\"Article\",\"@id\":\"https:\/\/www.one.org\/africa\/stories\/mon-experience-au-38eme-sommet-de-lunion-africaine-en-tant-que-one-champion\/#article\",\"isPartOf\":{\"@id\":\"https:\/\/www.one.org\/africa\/stories\/mon-experience-au-38eme-sommet-de-lunion-africaine-en-tant-que-one-champion\/\"},\"author\":{\"name\":\"\",\"@id\":\"\"},\"headline\":\"Mon exp\u00e9rience au 38\u00e8me Sommet de l&#8217;Union Africaine en tant que ONE Champion\",\"datePublished\":\"2025-03-27T10:41:57+00:00\",\"dateModified\":\"2025-04-08T12:13:02+00:00\",\"mainEntityOfPage\":{\"@id\":\"https:\/\/www.one.org\/africa\/stories\/mon-experience-au-38eme-sommet-de-lunion-africaine-en-tant-que-one-champion\/\"},\"wordCount\":768,\"image\":{\"@id\":\"https:\/\/www.one.org\/africa\/stories\/mon-experience-au-38eme-sommet-de-lunion-africaine-en-tant-que-one-champion\/#primaryimage\"},\"thumbnailUrl\":\"https:\/\/www.one.org\/africa\/wp-content\/uploads\/sites\/5\/2025\/03\/Picture1french.jpg\",\"keywords\":[\"ONE Activists\"],\"articleSection\":[\"ONE\"],\"inLanguage\":\"en-US\"},{\"@type\":\"WebPage\",\"@id\":\"https:\/\/www.one.org\/africa\/stories\/mon-experience-au-38eme-sommet-de-lunion-africaine-en-tant-que-one-champion\/\",\"url\":\"https:\/\/www.one.org\/africa\/stories\/mon-experience-au-38eme-sommet-de-lunion-africaine-en-tant-que-one-champion\/\",\"name\":\"Mon exp\u00e9rience au 38\u00e8me Sommet de l'Union Africaine en tant que ONE Champion - ONE.org Africa\",\"isPartOf\":{\"@id\":\"https:\/\/www.one.org\/africa\/#website\"},\"primaryImageOfPage\":{\"@id\":\"https:\/\/www.one.org\/africa\/stories\/mon-experience-au-38eme-sommet-de-lunion-africaine-en-tant-que-one-champion\/#primaryimage\"},\"image\":{\"@id\":\"https:\/\/www.one.org\/africa\/stories\/mon-experience-au-38eme-sommet-de-lunion-africaine-en-tant-que-one-champion\/#primaryimage\"},\"thumbnailUrl\":\"https:\/\/www.one.org\/africa\/wp-content\/uploads\/sites\/5\/2025\/03\/Picture1french.jpg\",\"datePublished\":\"2025-03-27T10:41:57+00:00\",\"dateModified\":\"2025-04-08T12:13:02+00:00\",\"author\":{\"@id\":\"\"},\"breadcrumb\":{\"@id\":\"https:\/\/www.one.org\/africa\/stories\/mon-experience-au-38eme-sommet-de-lunion-africaine-en-tant-que-one-champion\/#breadcrumb\"},\"inLanguage\":\"en-US\",\"potentialAction\":[{\"@type\":\"ReadAction\",\"target\":[\"https:\/\/www.one.org\/africa\/stories\/mon-experience-au-38eme-sommet-de-lunion-africaine-en-tant-que-one-champion\/\"]}]},{\"@type\":\"ImageObject\",\"inLanguage\":\"en-US\",\"@id\":\"https:\/\/www.one.org\/africa\/stories\/mon-experience-au-38eme-sommet-de-lunion-africaine-en-tant-que-one-champion\/#primaryimage\",\"url\":\"https:\/\/www.one.org\/africa\/wp-content\/uploads\/sites\/5\/2025\/03\/Picture1french.jpg\",\"contentUrl\":\"https:\/\/www.one.org\/africa\/wp-content\/uploads\/sites\/5\/2025\/03\/Picture1french.jpg\",\"width\":494,\"height\":617},{\"@type\":\"BreadcrumbList\",\"@id\":\"https:\/\/www.one.org\/africa\/stories\/mon-experience-au-38eme-sommet-de-lunion-africaine-en-tant-que-one-champion\/#breadcrumb\",\"itemListElement\":[{\"@type\":\"ListItem\",\"position\":1,\"name\":\"Home\",\"item\":\"https:\/\/www.one.org\/africa\/\"},{\"@type\":\"ListItem\",\"position\":2,\"name\":\"Mon exp\u00e9rience au 38\u00e8me Sommet de l&#8217;Union Africaine en tant que ONE Champion\"}]},{\"@type\":\"WebSite\",\"@id\":\"https:\/\/www.one.org\/africa\/#website\",\"url\":\"https:\/\/www.one.org\/africa\/\",\"name\":\"ONE.org\",\"description\":\"Driving economic opportunities and healthy lives in Africa\",\"potentialAction\":[{\"@type\":\"SearchAction\",\"target\":{\"@type\":\"EntryPoint\",\"urlTemplate\":\"https:\/\/www.one.org\/africa\/?s={search_term_string}\"},\"query-input\":{\"@type\":\"PropertyValueSpecification\",\"valueRequired\":true,\"valueName\":\"search_term_string\"}}],\"inLanguage\":\"en-US\"}]}<\/script>\n<!-- \/ Yoast SEO Premium plugin. -->","yoast_head_json":{"title":"Mon exp\u00e9rience au 38\u00e8me Sommet de l'Union Africaine en tant que ONE Champion - ONE.org Africa","robots":{"index":"index","follow":"follow","max-snippet":"max-snippet:-1","max-image-preview":"max-image-preview:large","max-video-preview":"max-video-preview:-1"},"canonical":"https:\/\/www.one.org\/africa\/stories\/mon-experience-au-38eme-sommet-de-lunion-africaine-en-tant-que-one-champion\/","og_locale":"en_US","og_type":"article","og_title":"Mon exp\u00e9rience au 38\u00e8me Sommet de l'Union Africaine en tant que ONE Champion","og_description":"L\u2019opportunit\u00e9 qui m\u2019a \u00e9t\u00e9 offerte de participer au 38\u00e8me Sommet de l\u2019Union Africaine en tant que ONE Champion mandat\u00e9 par ONE Campaign me motive dans ma position de promouvoir un d\u00e9veloppement inclusif et durable dans les pays africains. Cette exp\u00e9rience a non seulement \u00e9largi mes horizons, mais elle a \u00e9galement renforc\u00e9 mon engagement profond pour [&hellip;]","og_url":"https:\/\/www.one.org\/africa\/stories\/mon-experience-au-38eme-sommet-de-lunion-africaine-en-tant-que-one-champion\/","og_site_name":"ONE.org Africa","article_publisher":"https:\/\/www.facebook.com\/ONEinAfrica","article_published_time":"2025-03-27T10:41:57+00:00","article_modified_time":"2025-04-08T12:13:02+00:00","og_image":[{"width":494,"height":617,"url":"http:\/\/www.one.org\/africa\/wp-content\/uploads\/sites\/5\/2025\/03\/Picture1french.jpg","type":"image\/jpeg"}],"twitter_card":"summary_large_image","twitter_creator":"@ONEinAfrica","twitter_site":"@ONEinAfrica","twitter_misc":{"Est. reading time":"4 minutes"},"schema":{"@context":"https:\/\/schema.org","@graph":[{"@type":"Article","@id":"https:\/\/www.one.org\/africa\/stories\/mon-experience-au-38eme-sommet-de-lunion-africaine-en-tant-que-one-champion\/#article","isPartOf":{"@id":"https:\/\/www.one.org\/africa\/stories\/mon-experience-au-38eme-sommet-de-lunion-africaine-en-tant-que-one-champion\/"},"author":{"name":"","@id":""},"headline":"Mon exp\u00e9rience au 38\u00e8me Sommet de l&#8217;Union Africaine en tant que ONE Champion","datePublished":"2025-03-27T10:41:57+00:00","dateModified":"2025-04-08T12:13:02+00:00","mainEntityOfPage":{"@id":"https:\/\/www.one.org\/africa\/stories\/mon-experience-au-38eme-sommet-de-lunion-africaine-en-tant-que-one-champion\/"},"wordCount":768,"image":{"@id":"https:\/\/www.one.org\/africa\/stories\/mon-experience-au-38eme-sommet-de-lunion-africaine-en-tant-que-one-champion\/#primaryimage"},"thumbnailUrl":"https:\/\/www.one.org\/africa\/wp-content\/uploads\/sites\/5\/2025\/03\/Picture1french.jpg","keywords":["ONE Activists"],"articleSection":["ONE"],"inLanguage":"en-US"},{"@type":"WebPage","@id":"https:\/\/www.one.org\/africa\/stories\/mon-experience-au-38eme-sommet-de-lunion-africaine-en-tant-que-one-champion\/","url":"https:\/\/www.one.org\/africa\/stories\/mon-experience-au-38eme-sommet-de-lunion-africaine-en-tant-que-one-champion\/","name":"Mon exp\u00e9rience au 38\u00e8me Sommet de l'Union Africaine en tant que ONE Champion - ONE.org Africa","isPartOf":{"@id":"https:\/\/www.one.org\/africa\/#website"},"primaryImageOfPage":{"@id":"https:\/\/www.one.org\/africa\/stories\/mon-experience-au-38eme-sommet-de-lunion-africaine-en-tant-que-one-champion\/#primaryimage"},"image":{"@id":"https:\/\/www.one.org\/africa\/stories\/mon-experience-au-38eme-sommet-de-lunion-africaine-en-tant-que-one-champion\/#primaryimage"},"thumbnailUrl":"https:\/\/www.one.org\/africa\/wp-content\/uploads\/sites\/5\/2025\/03\/Picture1french.jpg","datePublished":"2025-03-27T10:41:57+00:00","dateModified":"2025-04-08T12:13:02+00:00","author":{"@id":""},"breadcrumb":{"@id":"https:\/\/www.one.org\/africa\/stories\/mon-experience-au-38eme-sommet-de-lunion-africaine-en-tant-que-one-champion\/#breadcrumb"},"inLanguage":"en-US","potentialAction":[{"@type":"ReadAction","target":["https:\/\/www.one.org\/africa\/stories\/mon-experience-au-38eme-sommet-de-lunion-africaine-en-tant-que-one-champion\/"]}]},{"@type":"ImageObject","inLanguage":"en-US","@id":"https:\/\/www.one.org\/africa\/stories\/mon-experience-au-38eme-sommet-de-lunion-africaine-en-tant-que-one-champion\/#primaryimage","url":"https:\/\/www.one.org\/africa\/wp-content\/uploads\/sites\/5\/2025\/03\/Picture1french.jpg","contentUrl":"https:\/\/www.one.org\/africa\/wp-content\/uploads\/sites\/5\/2025\/03\/Picture1french.jpg","width":494,"height":617},{"@type":"BreadcrumbList","@id":"https:\/\/www.one.org\/africa\/stories\/mon-experience-au-38eme-sommet-de-lunion-africaine-en-tant-que-one-champion\/#breadcrumb","itemListElement":[{"@type":"ListItem","position":1,"name":"Home","item":"https:\/\/www.one.org\/africa\/"},{"@type":"ListItem","position":2,"name":"Mon exp\u00e9rience au 38\u00e8me Sommet de l&#8217;Union Africaine en tant que ONE Champion"}]},{"@type":"WebSite","@id":"https:\/\/www.one.org\/africa\/#website","url":"https:\/\/www.one.org\/africa\/","name":"ONE.org","description":"Driving economic opportunities and healthy lives in Africa","potentialAction":[{"@type":"SearchAction","target":{"@type":"EntryPoint","urlTemplate":"https:\/\/www.one.org\/africa\/?s={search_term_string}"},"query-input":{"@type":"PropertyValueSpecification","valueRequired":true,"valueName":"search_term_string"}}],"inLanguage":"en-US"}]}},"distributor_meta":false,"distributor_terms":false,"distributor_media":false,"distributor_original_site_name":"ONE.org Africa","distributor_original_site_url":"https:\/\/www.one.org\/africa","push-errors":false,"_links":{"self":[{"href":"https:\/\/www.one.org\/africa\/wp-json\/wp\/v2\/posts\/164538","targetHints":{"allow":["GET"]}}],"collection":[{"href":"https:\/\/www.one.org\/africa\/wp-json\/wp\/v2\/posts"}],"about":[{"href":"https:\/\/www.one.org\/africa\/wp-json\/wp\/v2\/types\/post"}],"replies":[{"embeddable":true,"href":"https:\/\/www.one.org\/africa\/wp-json\/wp\/v2\/comments?post=164538"}],"version-history":[{"count":0,"href":"https:\/\/www.one.org\/africa\/wp-json\/wp\/v2\/posts\/164538\/revisions"}],"wp:featuredmedia":[{"embeddable":true,"href":"https:\/\/www.one.org\/africa\/wp-json\/wp\/v2\/media\/164539"}],"wp:attachment":[{"href":"https:\/\/www.one.org\/africa\/wp-json\/wp\/v2\/media?parent=164538"}],"wp:term":[{"taxonomy":"category","embeddable":true,"href":"https:\/\/www.one.org\/africa\/wp-json\/wp\/v2\/categories?post=164538"},{"taxonomy":"post_tag","embeddable":true,"href":"https:\/\/www.one.org\/africa\/wp-json\/wp\/v2\/tags?post=164538"},{"taxonomy":"topic","embeddable":true,"href":"https:\/\/www.one.org\/africa\/wp-json\/wp\/v2\/topic?post=164538"},{"taxonomy":"contributor","embeddable":true,"href":"https:\/\/www.one.org\/africa\/wp-json\/wp\/v2\/contributor?post=164538"},{"taxonomy":"one_content_audience","embeddable":true,"href":"https:\/\/www.one.org\/africa\/wp-json\/wp\/v2\/one_content_audience?post=164538"},{"taxonomy":"one_content_type","embeddable":true,"href":"https:\/\/www.one.org\/africa\/wp-json\/wp\/v2\/one_content_type?post=164538"},{"taxonomy":"one_content_tone","embeddable":true,"href":"https:\/\/www.one.org\/africa\/wp-json\/wp\/v2\/one_content_tone?post=164538"}],"curies":[{"name":"wp","href":"https:\/\/api.w.org\/{rel}","templated":true}]}}