{"id":161832,"date":"2020-08-12T01:22:44","date_gmt":"2020-08-12T01:22:44","guid":{"rendered":"https:\/\/www.one.org\/africa\/covid19-le-monde-dapres-regards-croises-dune-jeunesse-engagee-en-faveur-de-la-solidarite-internationale\/"},"modified":"2023-09-11T23:20:43","modified_gmt":"2023-09-11T23:20:43","slug":"covid19-le-monde-dapres-regards-croises-dune-jeunesse-engagee-en-faveur-de-la-solidarite-internationale","status":"publish","type":"post","link":"https:\/\/www.one.org\/africa\/stories\/covid19-le-monde-dapres-regards-croises-dune-jeunesse-engagee-en-faveur-de-la-solidarite-internationale\/","title":{"rendered":"COVID19, Le monde d\u2019apr\u00e8s : Regards crois\u00e9s d\u2019une jeunesse engag\u00e9e en faveur de la solidarit\u00e9 internationale."},"content":{"rendered":"<p>&Agrave; l&rsquo;occasion de la Journ&eacute;e internationale de la jeunesse, la communaut&eacute; internationale des activistes de ONE a formul&eacute; des recommandations sur la mani&egrave;re de garantir que la voix des jeunes soit entendue dans les r&eacute;ponses &agrave; la crise multidimensionnelle de COVID-19.<\/p>\n<p>En tant qu&rsquo;activistes de ONE en Afrique et en Europe, notre engagement pour une r&eacute;ponse mondiale a la pand&eacute;mie est r&eacute;el. Nous sommes s&eacute;n&eacute;galais&middot;e&middot;s, gambiens, tunisiens, fran&ccedil;ais, et en Afrique comme en Europe, nous avons vu la jeunesse montrer son courage et entreprendre de nombreuses actions de solidarit&eacute;. Nos conversations sur la gestion de cette crise aux facteurs multiples ont mis en &eacute;vidence une grande solidarit&eacute; au sein de nos communaut&eacute;s locales. Cela nous a incit&eacute;s &agrave; &eacute;crire &agrave; une jeunesse diverse et changeante.<\/p>\n<h3><strong>La mobilisation des jeunes en Afrique et en Europe <\/strong><\/h3>\n<p>L&rsquo;action des jeunes dans la pr&eacute;vention de la maladie a &eacute;t&eacute; d&eacute;terminante. Seynabou a 25 ans et vit au S&eacute;n&eacute;gal. Elle explique : <em>&ldquo;Depuis le d&eacute;but de la crise, les jeunes ont men&eacute; des campagnes de sensibilisation sur les bons r&eacute;flexes &agrave; adopter dans les quartiers et les lieux publics. Ils ont distribu&eacute;, gratuitement, des masques et des gels d&eacute;sinfectants pour les mains. Je pense que c&rsquo;est une grande preuve d&rsquo;humanisme de la part de la jeunesse&rdquo;. <\/em><\/p>\n<p>Pour Sarah, 24 ans, et Hassene, 18 ans, qui ont v&eacute;cu cette crise depuis la France et la Tunisie, cette mobilisation spontan&eacute;e mais bien organis&eacute;e des jeunes s&rsquo;est &eacute;galement illustr&eacute;e par les nombreuses actions b&eacute;n&eacute;voles dans le secteur m&eacute;dico-social.<\/p>\n<p>Les &eacute;tudiant&middot;e&middot;s ont aussi &eacute;t&eacute; innovants dans le domaine de la technique de m&ecirc;me qu&rsquo;ils ont fait des dons &agrave; des associations caritatives et se sont charg&eacute; de faire les courses pour leurs grands-parents afin de les prot&eacute;ger de la contamination.<\/p>\n<p>L&rsquo;engament de la jeunesse dans la r&eacute;ponse &agrave; la COVID-19 s&rsquo;est aussi traduite par une action en ligne. L&eacute;a, 23 ans, se r&eacute;jouit du fait qu&rsquo;en France, le confinement n&rsquo;a pas &eacute;t&eacute; synonyme d&rsquo; &laquo; Endormissement des causes mais justement un facteur de visibilit&eacute; &ldquo;.<\/p>\n<p>Au S&eacute;n&eacute;gal, cette tendance positive a &eacute;t&eacute; cruciale, selon Fadel qui rappelle que ce sont les &eacute;tudiants s&eacute;n&eacute;galais vivant en Chine qui ont &eacute;t&eacute; les premiers &agrave; alerter la population s&eacute;n&eacute;galaise sur la gravit&eacute; de la maladie. Par la suite, c&rsquo;est sur Internet que se sont r&eacute;pandus les premiers appels &agrave; la fermeture des fronti&egrave;res. Il ajoute : &ldquo;Dans un pays o&ugrave; l&rsquo;&acirc;ge moyen de la population est de 18 ans, cette mobilisation montre qu&rsquo;avec les r&eacute;seaux sociaux, les jeunes disposent d&rsquo;un outil puissant pour influencer les d&eacute;cisions au S&eacute;n&eacute;gal&rdquo;.<\/p>\n<h3><strong>Notre vision du monde &agrave; venir&nbsp;&nbsp; <\/strong><\/h3>\n<p>Alors que nous nous tournons vers l&rsquo;avenir, nous sommes convaincus qu&rsquo;il doit &ecirc;tre fond&eacute; sur les priorit&eacute;s et les valeurs que porte la jeunesse. Nous continuons de nous engager car nous avons une vision et nous devons la faire conna&icirc;tre.<\/p>\n<p><em>&laquo;Dans le monde apr&egrave;s COVID-19, je ne souhaite plus jamais voir remise en question l&rsquo;importance d&rsquo;un &Eacute;tat social et des aides qu&rsquo;il apporte aux plus d&eacute;munis. Je souhaite que chaque enfant, adolescent, jeune adulte, adulte ait acc&egrave;s aux ressources n&eacute;cessaires &agrave; ce qu&rsquo;il puisse vivre dignement &raquo;<\/em>, d&eacute;clare L&eacute;a. Et Sarah d&rsquo;ajouter : &laquo; Je souhaite que cette crise permette de changer notre fa&ccedil;on de coconstruire les r&eacute;ponses internationales. Cette crise a soulign&eacute; les in&eacute;galit&eacute;s structurelles de nos syst&egrave;mes et on ne peut plus faire machine arri&egrave;re. Que ce soit dans la repr&eacute;sentation de tou&middot;te&middot;s dans les espaces d&eacute;cisionnaires, notamment des expert&middot;e&middot;s genre, et la durabilit&eacute; des r&eacute;ponses choisies &raquo;.<\/p>\n<p>Seynabou rappelle que &laquo; la solidarit&eacute; nationale a &eacute;t&eacute; au rendez-vous chez les jeunes dans la riposte &agrave; la COVID-19. Le monde de demain, doit appliquer cette solidarit&eacute; nationale au niveau mondial, pour une meilleure gestion des crises &agrave; venir &raquo;. Hassene conclut : &laquo; Je souhaite que l&rsquo;histoire ne se r&eacute;p&egrave;te pas sans-cesse et que nous apprenions que l&rsquo;homme est un animal social et que sans l&rsquo;autre il ne peut rien accomplir &raquo;.<\/p>\n<h3><strong>Nos recommandations aux gouvernements<\/strong><\/h3>\n<p>En tant que jeunes, nous avons une vision claire de ce que nous voulons pour le monde de demain, nous avons une voix et nous voulons &ecirc;tre entendus. Nous pensons que les trois &eacute;l&eacute;ments suivants sont essentiels.<\/p>\n<ol>\n<li>\n<h3><strong> Maintenir et renforcer la solidarit&eacute; internationale<\/strong><\/h3>\n<\/li>\n<\/ol>\n<p>La crise actuelle a profit&eacute; des faiblesses de nos syst&egrave;mes sanitaires, politiques et &eacute;conomiques, pour se propager. Elle a montr&eacute; qu&rsquo;aucun pays ne peut gagner la bataille contre la maladie seul, car il s&rsquo;agit d&rsquo;une crise mondiale qui exige une r&eacute;ponse mondiale. Ce sont les principes de solidarit&eacute;, de coop&eacute;ration, de confiance qui ont permis de sauver des vies. Et il est important que les gouvernements s&rsquo;engagent &agrave; d&eacute;montrer cette solidarit&eacute;.<\/p>\n<ol start=\"2\">\n<li>\n<h3><strong> Soutenir la jeunesse dans ses initiatives<\/strong><\/h3>\n<\/li>\n<\/ol>\n<p>Les jeunes ont d&eacute;montr&eacute; leur solidarit&eacute; bien avant la pand&eacute;mie de COVID-19. Le r&ocirc;le jou&eacute; par les jeunes dans la lutte contre la maladie est un exemple du potentiel dont nous disposons et qui, par faute de soutien, reste souvent inexploit&eacute;. &Agrave; l&rsquo;avenir, les jeunes doivent pouvoir compter sur leurs gouvernements pour soutenir leurs actions, car ils savent que les jeunes sont toujours pr&ecirc;ts &agrave; agir.<\/p>\n<ol start=\"3\">\n<li>\n<h3><strong> Revitaliser le secteur de la sant&eacute; et repenser le secteur informel<\/strong><\/h3>\n<\/li>\n<\/ol>\n<p>La crise actuelle a exacerb&eacute; nos interd&eacute;pendances. Il est donc n&eacute;cessaire de travailler ensemble pour construire des syst&egrave;mes de sant&eacute; r&eacute;silients et accessibles &agrave; tous. Cela doit aller de pair avec de meilleures conditions de travail pour les travailleurs de la sant&eacute; en fonction de leurs besoins et un budget plus important pour la recherche m&eacute;dicale. En g&eacute;n&eacute;ral, les personnes les plus vuln&eacute;rables sur le plan &eacute;conomique, comme les travailleurs du secteur informel, sont &eacute;galement vuln&eacute;rables sur le plan de la sant&eacute;. Par cons&eacute;quent, les gouvernements doivent intensifier leurs efforts pour r&eacute;duire la pauvret&eacute; afin de prot&eacute;ger une partie de la population, en Afrique et ailleurs, contre les diff&eacute;rents aspects de cette crise, sanitaire ou autre.<\/p>\n<p>Les jeunes doivent &ecirc;tre davantage impliqu&eacute;s dans la prise de d&eacute;cision, surtout en temps de crise. La r&eacute;activit&eacute; dont ils ont fait preuve montre que les jeunes sont comp&eacute;tents et ne demandent qu&rsquo;&agrave; &ecirc;tre impliqu&eacute;s dans la prise de d&eacute;cision et la mise en &oelig;uvre. En tant qu&rsquo;activistes de ONE, nous pensons que la mobilisation des jeunes autour d&rsquo;une m&ecirc;me cause fera la diff&eacute;rence et renforcera la solidarit&eacute; internationale. Nous vous invitons &agrave; vous joindre &agrave; nous pour encourager nos dirigeants &agrave; apporter une r&eacute;ponse mondiale &agrave; cette pand&eacute;mie par le biais de la campagne <a href=\"https:\/\/www.one.org\/fr\/blog\/one-world-reponse-mondiale-covid19\/\">ONE World<\/a>.<\/p>\n<p>Nous restons &agrave; votre disposition pour &eacute;changer avec des jeunes engag&eacute;s qui croient en la solidarit&eacute; internationale. Et pour ceux qui souhaitent s&rsquo;engager mais ne sont pas pr&ecirc;ts &agrave; franchir le pas, n&rsquo;h&eacute;sitez pas &agrave; visiter les pages <a href=\"https:\/\/www.facebook.com\/Generation-Activiste-100271278369967\">Facebook<\/a> et <a href=\"https:\/\/www.instagram.com\/generationactiviste\/\">Instagram<\/a> de G&eacute;n&eacute;ration Activiste.<\/p>\n<div class=\"buffer\"><\/div>","protected":false},"excerpt":{"rendered":"<p>&Agrave; l&rsquo;occasion de la Journ&eacute;e internationale de la jeunesse, la communaut&eacute; internationale des activistes de ONE a formul&eacute; des recommandations sur la mani&egrave;re de garantir que la voix des jeunes soit entendue dans les r&eacute;ponses &agrave; la crise multidimensionnelle de COVID-19. En tant qu&rsquo;activistes de ONE en Afrique et en Europe, notre engagement pour une [&hellip;]<\/p>\n","protected":false},"author":1,"featured_media":162961,"comment_status":"open","ping_status":"open","sticky":false,"template":"","format":"standard","meta":{"_acf_changed":false,"_relevanssi_hide_post":"","_relevanssi_hide_content":"","_relevanssi_pin_for_all":"","_relevanssi_pin_keywords":"","_relevanssi_unpin_keywords":"","_relevanssi_related_keywords":"","_relevanssi_related_include_ids":"","_relevanssi_related_exclude_ids":"","_relevanssi_related_no_append":"","_relevanssi_related_not_related":"","_relevanssi_related_posts":"","_relevanssi_noindex_reason":"","footnotes":""},"categories":[49],"tags":[],"topic":[],"contributor":[108],"one_content_audience":[],"one_content_type":[],"one_content_tone":[],"class_list":["post-161832","post","type-post","status-publish","format-standard","has-post-thumbnail","hentry","category-one","contributor-one"],"acf":[],"yoast_head":"<!-- This site is optimized with the Yoast SEO Premium plugin v27.1 (Yoast SEO v27.1.1) - https:\/\/yoast.com\/product\/yoast-seo-premium-wordpress\/ -->\n<title>COVID19, Le monde d\u2019apr\u00e8s : Regards crois\u00e9s d\u2019une jeunesse engag\u00e9e en faveur de la solidarit\u00e9 internationale. - ONE.org Africa<\/title>\n<meta name=\"robots\" content=\"index, follow, max-snippet:-1, max-image-preview:large, max-video-preview:-1\" \/>\n<link rel=\"canonical\" href=\"https:\/\/www.one.org\/africa\/stories\/covid19-le-monde-dapres-regards-croises-dune-jeunesse-engagee-en-faveur-de-la-solidarite-internationale\/\" \/>\n<meta property=\"og:locale\" content=\"en_US\" \/>\n<meta property=\"og:type\" content=\"article\" \/>\n<meta property=\"og:title\" content=\"COVID19, Le monde d\u2019apr\u00e8s : Regards crois\u00e9s d\u2019une jeunesse engag\u00e9e en faveur de la solidarit\u00e9 internationale.\" \/>\n<meta property=\"og:description\" content=\"\u00c0 l&#039;occasion de la Journ\u00e9e internationale de la jeunesse, la communaut\u00e9 internationale des activistes de ONE a formul\u00e9 des recommandations sur la mani\u00e8re de garantir que la voix des jeunes soit entendue dans les r\u00e9ponses \u00e0 la crise multidimensionnelle de COVID-19.\" \/>\n<meta property=\"og:url\" content=\"https:\/\/www.one.org\/africa\/stories\/covid19-le-monde-dapres-regards-croises-dune-jeunesse-engagee-en-faveur-de-la-solidarite-internationale\/\" \/>\n<meta property=\"og:site_name\" content=\"ONE.org Africa\" \/>\n<meta property=\"article:publisher\" content=\"https:\/\/www.facebook.com\/ONEinAfrica\" \/>\n<meta property=\"article:published_time\" content=\"2020-08-12T01:22:44+00:00\" \/>\n<meta property=\"article:modified_time\" content=\"2023-09-11T23:20:43+00:00\" \/>\n<meta property=\"og:image\" content=\"https:\/\/cdn.one.org\/africa\/wp-content\/uploads\/2020\/08\/11184418\/OW_2020_whatyoucando_featured_1200x1200.png\" \/>\n<meta name=\"author\" content=\"admin\" \/>\n<meta name=\"twitter:card\" content=\"summary_large_image\" \/>\n<meta name=\"twitter:title\" content=\"COVID19, Le monde d\u2019apr\u00e8s : Regards crois\u00e9s d\u2019une jeunesse engag\u00e9e en faveur de la solidarit\u00e9 internationale.\" \/>\n<meta name=\"twitter:creator\" content=\"@ONEinAfrica\" \/>\n<meta name=\"twitter:site\" content=\"@ONEinAfrica\" \/>\n<meta name=\"twitter:label1\" content=\"Written by\" \/>\n\t<meta name=\"twitter:data1\" content=\"admin\" \/>\n\t<meta name=\"twitter:label2\" content=\"Est. reading time\" \/>\n\t<meta name=\"twitter:data2\" content=\"7 minutes\" \/>\n<script type=\"application\/ld+json\" class=\"yoast-schema-graph\">{\"@context\":\"https:\/\/schema.org\",\"@graph\":[{\"@type\":\"Article\",\"@id\":\"https:\/\/www.one.org\/africa\/stories\/covid19-le-monde-dapres-regards-croises-dune-jeunesse-engagee-en-faveur-de-la-solidarite-internationale\/#article\",\"isPartOf\":{\"@id\":\"https:\/\/www.one.org\/africa\/stories\/covid19-le-monde-dapres-regards-croises-dune-jeunesse-engagee-en-faveur-de-la-solidarite-internationale\/\"},\"author\":{\"name\":\"admin\",\"@id\":\"https:\/\/www.one.org\/africa\/#\/schema\/person\/236ef43a079c36667c3f1de2da8e0838\"},\"headline\":\"COVID19, Le monde d\u2019apr\u00e8s : Regards crois\u00e9s d\u2019une jeunesse engag\u00e9e en faveur de la solidarit\u00e9 internationale.\",\"datePublished\":\"2020-08-12T01:22:44+00:00\",\"dateModified\":\"2023-09-11T23:20:43+00:00\",\"mainEntityOfPage\":{\"@id\":\"https:\/\/www.one.org\/africa\/stories\/covid19-le-monde-dapres-regards-croises-dune-jeunesse-engagee-en-faveur-de-la-solidarite-internationale\/\"},\"wordCount\":1477,\"commentCount\":0,\"image\":{\"@id\":\"https:\/\/www.one.org\/africa\/stories\/covid19-le-monde-dapres-regards-croises-dune-jeunesse-engagee-en-faveur-de-la-solidarite-internationale\/#primaryimage\"},\"thumbnailUrl\":\"https:\/\/www.one.org\/africa\/wp-content\/uploads\/sites\/5\/2020\/08\/OW_2020_whatyoucando_featured_1200x1200.png\",\"articleSection\":[\"ONE\"],\"inLanguage\":\"en-US\",\"potentialAction\":[{\"@type\":\"CommentAction\",\"name\":\"Comment\",\"target\":[\"https:\/\/www.one.org\/africa\/stories\/covid19-le-monde-dapres-regards-croises-dune-jeunesse-engagee-en-faveur-de-la-solidarite-internationale\/#respond\"]}]},{\"@type\":\"WebPage\",\"@id\":\"https:\/\/www.one.org\/africa\/stories\/covid19-le-monde-dapres-regards-croises-dune-jeunesse-engagee-en-faveur-de-la-solidarite-internationale\/\",\"url\":\"https:\/\/www.one.org\/africa\/stories\/covid19-le-monde-dapres-regards-croises-dune-jeunesse-engagee-en-faveur-de-la-solidarite-internationale\/\",\"name\":\"COVID19, Le monde d\u2019apr\u00e8s : Regards crois\u00e9s d\u2019une jeunesse engag\u00e9e en faveur de la solidarit\u00e9 internationale. - ONE.org Africa\",\"isPartOf\":{\"@id\":\"https:\/\/www.one.org\/africa\/#website\"},\"primaryImageOfPage\":{\"@id\":\"https:\/\/www.one.org\/africa\/stories\/covid19-le-monde-dapres-regards-croises-dune-jeunesse-engagee-en-faveur-de-la-solidarite-internationale\/#primaryimage\"},\"image\":{\"@id\":\"https:\/\/www.one.org\/africa\/stories\/covid19-le-monde-dapres-regards-croises-dune-jeunesse-engagee-en-faveur-de-la-solidarite-internationale\/#primaryimage\"},\"thumbnailUrl\":\"https:\/\/www.one.org\/africa\/wp-content\/uploads\/sites\/5\/2020\/08\/OW_2020_whatyoucando_featured_1200x1200.png\",\"datePublished\":\"2020-08-12T01:22:44+00:00\",\"dateModified\":\"2023-09-11T23:20:43+00:00\",\"author\":{\"@id\":\"https:\/\/www.one.org\/africa\/#\/schema\/person\/236ef43a079c36667c3f1de2da8e0838\"},\"breadcrumb\":{\"@id\":\"https:\/\/www.one.org\/africa\/stories\/covid19-le-monde-dapres-regards-croises-dune-jeunesse-engagee-en-faveur-de-la-solidarite-internationale\/#breadcrumb\"},\"inLanguage\":\"en-US\",\"potentialAction\":[{\"@type\":\"ReadAction\",\"target\":[\"https:\/\/www.one.org\/africa\/stories\/covid19-le-monde-dapres-regards-croises-dune-jeunesse-engagee-en-faveur-de-la-solidarite-internationale\/\"]}]},{\"@type\":\"ImageObject\",\"inLanguage\":\"en-US\",\"@id\":\"https:\/\/www.one.org\/africa\/stories\/covid19-le-monde-dapres-regards-croises-dune-jeunesse-engagee-en-faveur-de-la-solidarite-internationale\/#primaryimage\",\"url\":\"https:\/\/www.one.org\/africa\/wp-content\/uploads\/sites\/5\/2020\/08\/OW_2020_whatyoucando_featured_1200x1200.png\",\"contentUrl\":\"https:\/\/www.one.org\/africa\/wp-content\/uploads\/sites\/5\/2020\/08\/OW_2020_whatyoucando_featured_1200x1200.png\",\"width\":1200,\"height\":1200},{\"@type\":\"BreadcrumbList\",\"@id\":\"https:\/\/www.one.org\/africa\/stories\/covid19-le-monde-dapres-regards-croises-dune-jeunesse-engagee-en-faveur-de-la-solidarite-internationale\/#breadcrumb\",\"itemListElement\":[{\"@type\":\"ListItem\",\"position\":1,\"name\":\"Home\",\"item\":\"https:\/\/www.one.org\/africa\/\"},{\"@type\":\"ListItem\",\"position\":2,\"name\":\"COVID19, Le monde d\u2019apr\u00e8s : Regards crois\u00e9s d\u2019une jeunesse engag\u00e9e en faveur de la solidarit\u00e9 internationale.\"}]},{\"@type\":\"WebSite\",\"@id\":\"https:\/\/www.one.org\/africa\/#website\",\"url\":\"https:\/\/www.one.org\/africa\/\",\"name\":\"ONE.org\",\"description\":\"Driving economic opportunities and healthy lives in Africa\",\"potentialAction\":[{\"@type\":\"SearchAction\",\"target\":{\"@type\":\"EntryPoint\",\"urlTemplate\":\"https:\/\/www.one.org\/africa\/?s={search_term_string}\"},\"query-input\":{\"@type\":\"PropertyValueSpecification\",\"valueRequired\":true,\"valueName\":\"search_term_string\"}}],\"inLanguage\":\"en-US\"},{\"@type\":\"Person\",\"@id\":\"https:\/\/www.one.org\/africa\/#\/schema\/person\/236ef43a079c36667c3f1de2da8e0838\",\"name\":\"admin\",\"image\":{\"@type\":\"ImageObject\",\"inLanguage\":\"en-US\",\"@id\":\"https:\/\/www.one.org\/africa\/#\/schema\/person\/image\/\",\"url\":\"https:\/\/secure.gravatar.com\/avatar\/2b4204681b789d34ede86a735f8b6378df901f7f7ab7a9ca89af4670b2bb13b8?s=96&d=mm&r=g\",\"contentUrl\":\"https:\/\/secure.gravatar.com\/avatar\/2b4204681b789d34ede86a735f8b6378df901f7f7ab7a9ca89af4670b2bb13b8?s=96&d=mm&r=g\",\"caption\":\"admin\"},\"sameAs\":[\"http:\/\/www.one.org\"],\"url\":\"https:\/\/www.one.org\/africa\/stories\/author\/admin\/\"}]}<\/script>\n<!-- \/ Yoast SEO Premium plugin. -->","yoast_head_json":{"title":"COVID19, Le monde d\u2019apr\u00e8s : Regards crois\u00e9s d\u2019une jeunesse engag\u00e9e en faveur de la solidarit\u00e9 internationale. - ONE.org Africa","robots":{"index":"index","follow":"follow","max-snippet":"max-snippet:-1","max-image-preview":"max-image-preview:large","max-video-preview":"max-video-preview:-1"},"canonical":"https:\/\/www.one.org\/africa\/stories\/covid19-le-monde-dapres-regards-croises-dune-jeunesse-engagee-en-faveur-de-la-solidarite-internationale\/","og_locale":"en_US","og_type":"article","og_title":"COVID19, Le monde d\u2019apr\u00e8s : Regards crois\u00e9s d\u2019une jeunesse engag\u00e9e en faveur de la solidarit\u00e9 internationale.","og_description":"\u00c0 l&#039;occasion de la Journ\u00e9e internationale de la jeunesse, la communaut\u00e9 internationale des activistes de ONE a formul\u00e9 des recommandations sur la mani\u00e8re de garantir que la voix des jeunes soit entendue dans les r\u00e9ponses \u00e0 la crise multidimensionnelle de COVID-19.","og_url":"https:\/\/www.one.org\/africa\/stories\/covid19-le-monde-dapres-regards-croises-dune-jeunesse-engagee-en-faveur-de-la-solidarite-internationale\/","og_site_name":"ONE.org Africa","article_publisher":"https:\/\/www.facebook.com\/ONEinAfrica","article_published_time":"2020-08-12T01:22:44+00:00","article_modified_time":"2023-09-11T23:20:43+00:00","og_image":[{"url":"https:\/\/cdn.one.org\/africa\/wp-content\/uploads\/2020\/08\/11184418\/OW_2020_whatyoucando_featured_1200x1200.png","type":"","width":"","height":""}],"author":"admin","twitter_card":"summary_large_image","twitter_title":"COVID19, Le monde d\u2019apr\u00e8s : Regards crois\u00e9s d\u2019une jeunesse engag\u00e9e en faveur de la solidarit\u00e9 internationale.","twitter_creator":"@ONEinAfrica","twitter_site":"@ONEinAfrica","twitter_misc":{"Written by":"admin","Est. reading time":"7 minutes"},"schema":{"@context":"https:\/\/schema.org","@graph":[{"@type":"Article","@id":"https:\/\/www.one.org\/africa\/stories\/covid19-le-monde-dapres-regards-croises-dune-jeunesse-engagee-en-faveur-de-la-solidarite-internationale\/#article","isPartOf":{"@id":"https:\/\/www.one.org\/africa\/stories\/covid19-le-monde-dapres-regards-croises-dune-jeunesse-engagee-en-faveur-de-la-solidarite-internationale\/"},"author":{"name":"admin","@id":"https:\/\/www.one.org\/africa\/#\/schema\/person\/236ef43a079c36667c3f1de2da8e0838"},"headline":"COVID19, Le monde d\u2019apr\u00e8s : Regards crois\u00e9s d\u2019une jeunesse engag\u00e9e en faveur de la solidarit\u00e9 internationale.","datePublished":"2020-08-12T01:22:44+00:00","dateModified":"2023-09-11T23:20:43+00:00","mainEntityOfPage":{"@id":"https:\/\/www.one.org\/africa\/stories\/covid19-le-monde-dapres-regards-croises-dune-jeunesse-engagee-en-faveur-de-la-solidarite-internationale\/"},"wordCount":1477,"commentCount":0,"image":{"@id":"https:\/\/www.one.org\/africa\/stories\/covid19-le-monde-dapres-regards-croises-dune-jeunesse-engagee-en-faveur-de-la-solidarite-internationale\/#primaryimage"},"thumbnailUrl":"https:\/\/www.one.org\/africa\/wp-content\/uploads\/sites\/5\/2020\/08\/OW_2020_whatyoucando_featured_1200x1200.png","articleSection":["ONE"],"inLanguage":"en-US","potentialAction":[{"@type":"CommentAction","name":"Comment","target":["https:\/\/www.one.org\/africa\/stories\/covid19-le-monde-dapres-regards-croises-dune-jeunesse-engagee-en-faveur-de-la-solidarite-internationale\/#respond"]}]},{"@type":"WebPage","@id":"https:\/\/www.one.org\/africa\/stories\/covid19-le-monde-dapres-regards-croises-dune-jeunesse-engagee-en-faveur-de-la-solidarite-internationale\/","url":"https:\/\/www.one.org\/africa\/stories\/covid19-le-monde-dapres-regards-croises-dune-jeunesse-engagee-en-faveur-de-la-solidarite-internationale\/","name":"COVID19, Le monde d\u2019apr\u00e8s : Regards crois\u00e9s d\u2019une jeunesse engag\u00e9e en faveur de la solidarit\u00e9 internationale. - ONE.org Africa","isPartOf":{"@id":"https:\/\/www.one.org\/africa\/#website"},"primaryImageOfPage":{"@id":"https:\/\/www.one.org\/africa\/stories\/covid19-le-monde-dapres-regards-croises-dune-jeunesse-engagee-en-faveur-de-la-solidarite-internationale\/#primaryimage"},"image":{"@id":"https:\/\/www.one.org\/africa\/stories\/covid19-le-monde-dapres-regards-croises-dune-jeunesse-engagee-en-faveur-de-la-solidarite-internationale\/#primaryimage"},"thumbnailUrl":"https:\/\/www.one.org\/africa\/wp-content\/uploads\/sites\/5\/2020\/08\/OW_2020_whatyoucando_featured_1200x1200.png","datePublished":"2020-08-12T01:22:44+00:00","dateModified":"2023-09-11T23:20:43+00:00","author":{"@id":"https:\/\/www.one.org\/africa\/#\/schema\/person\/236ef43a079c36667c3f1de2da8e0838"},"breadcrumb":{"@id":"https:\/\/www.one.org\/africa\/stories\/covid19-le-monde-dapres-regards-croises-dune-jeunesse-engagee-en-faveur-de-la-solidarite-internationale\/#breadcrumb"},"inLanguage":"en-US","potentialAction":[{"@type":"ReadAction","target":["https:\/\/www.one.org\/africa\/stories\/covid19-le-monde-dapres-regards-croises-dune-jeunesse-engagee-en-faveur-de-la-solidarite-internationale\/"]}]},{"@type":"ImageObject","inLanguage":"en-US","@id":"https:\/\/www.one.org\/africa\/stories\/covid19-le-monde-dapres-regards-croises-dune-jeunesse-engagee-en-faveur-de-la-solidarite-internationale\/#primaryimage","url":"https:\/\/www.one.org\/africa\/wp-content\/uploads\/sites\/5\/2020\/08\/OW_2020_whatyoucando_featured_1200x1200.png","contentUrl":"https:\/\/www.one.org\/africa\/wp-content\/uploads\/sites\/5\/2020\/08\/OW_2020_whatyoucando_featured_1200x1200.png","width":1200,"height":1200},{"@type":"BreadcrumbList","@id":"https:\/\/www.one.org\/africa\/stories\/covid19-le-monde-dapres-regards-croises-dune-jeunesse-engagee-en-faveur-de-la-solidarite-internationale\/#breadcrumb","itemListElement":[{"@type":"ListItem","position":1,"name":"Home","item":"https:\/\/www.one.org\/africa\/"},{"@type":"ListItem","position":2,"name":"COVID19, Le monde d\u2019apr\u00e8s : Regards crois\u00e9s d\u2019une jeunesse engag\u00e9e en faveur de la solidarit\u00e9 internationale."}]},{"@type":"WebSite","@id":"https:\/\/www.one.org\/africa\/#website","url":"https:\/\/www.one.org\/africa\/","name":"ONE.org","description":"Driving economic opportunities and healthy lives in Africa","potentialAction":[{"@type":"SearchAction","target":{"@type":"EntryPoint","urlTemplate":"https:\/\/www.one.org\/africa\/?s={search_term_string}"},"query-input":{"@type":"PropertyValueSpecification","valueRequired":true,"valueName":"search_term_string"}}],"inLanguage":"en-US"},{"@type":"Person","@id":"https:\/\/www.one.org\/africa\/#\/schema\/person\/236ef43a079c36667c3f1de2da8e0838","name":"admin","image":{"@type":"ImageObject","inLanguage":"en-US","@id":"https:\/\/www.one.org\/africa\/#\/schema\/person\/image\/","url":"https:\/\/secure.gravatar.com\/avatar\/2b4204681b789d34ede86a735f8b6378df901f7f7ab7a9ca89af4670b2bb13b8?s=96&d=mm&r=g","contentUrl":"https:\/\/secure.gravatar.com\/avatar\/2b4204681b789d34ede86a735f8b6378df901f7f7ab7a9ca89af4670b2bb13b8?s=96&d=mm&r=g","caption":"admin"},"sameAs":["http:\/\/www.one.org"],"url":"https:\/\/www.one.org\/africa\/stories\/author\/admin\/"}]}},"distributor_meta":false,"distributor_terms":false,"distributor_media":false,"distributor_original_site_name":"ONE.org Africa","distributor_original_site_url":"https:\/\/www.one.org\/africa","push-errors":false,"_links":{"self":[{"href":"https:\/\/www.one.org\/africa\/wp-json\/wp\/v2\/posts\/161832","targetHints":{"allow":["GET"]}}],"collection":[{"href":"https:\/\/www.one.org\/africa\/wp-json\/wp\/v2\/posts"}],"about":[{"href":"https:\/\/www.one.org\/africa\/wp-json\/wp\/v2\/types\/post"}],"author":[{"embeddable":true,"href":"https:\/\/www.one.org\/africa\/wp-json\/wp\/v2\/users\/1"}],"replies":[{"embeddable":true,"href":"https:\/\/www.one.org\/africa\/wp-json\/wp\/v2\/comments?post=161832"}],"version-history":[{"count":0,"href":"https:\/\/www.one.org\/africa\/wp-json\/wp\/v2\/posts\/161832\/revisions"}],"wp:featuredmedia":[{"embeddable":true,"href":"https:\/\/www.one.org\/africa\/wp-json\/wp\/v2\/media\/162961"}],"wp:attachment":[{"href":"https:\/\/www.one.org\/africa\/wp-json\/wp\/v2\/media?parent=161832"}],"wp:term":[{"taxonomy":"category","embeddable":true,"href":"https:\/\/www.one.org\/africa\/wp-json\/wp\/v2\/categories?post=161832"},{"taxonomy":"post_tag","embeddable":true,"href":"https:\/\/www.one.org\/africa\/wp-json\/wp\/v2\/tags?post=161832"},{"taxonomy":"topic","embeddable":true,"href":"https:\/\/www.one.org\/africa\/wp-json\/wp\/v2\/topic?post=161832"},{"taxonomy":"contributor","embeddable":true,"href":"https:\/\/www.one.org\/africa\/wp-json\/wp\/v2\/contributor?post=161832"},{"taxonomy":"one_content_audience","embeddable":true,"href":"https:\/\/www.one.org\/africa\/wp-json\/wp\/v2\/one_content_audience?post=161832"},{"taxonomy":"one_content_type","embeddable":true,"href":"https:\/\/www.one.org\/africa\/wp-json\/wp\/v2\/one_content_type?post=161832"},{"taxonomy":"one_content_tone","embeddable":true,"href":"https:\/\/www.one.org\/africa\/wp-json\/wp\/v2\/one_content_tone?post=161832"}],"curies":[{"name":"wp","href":"https:\/\/api.w.org\/{rel}","templated":true}]}}