{"id":162124,"date":"2021-09-03T12:47:41","date_gmt":"2021-09-03T12:47:41","guid":{"rendered":"https:\/\/www.one.org\/africa\/nelson-mandela-elu-activiste-prefere-des-soutiens-de-one\/"},"modified":"2024-01-22T15:10:41","modified_gmt":"2024-01-22T15:10:41","slug":"nelson-mandela-elu-activiste-prefere-des-soutiens-de-one","status":"publish","type":"post","link":"https:\/\/www.one.org\/africa\/fr\/stories\/nelson-mandela-elu-activiste-prefere-des-soutiens-de-one\/","title":{"rendered":"Nelson Mandela \u00e9lu activiste pr\u00e9f\u00e9r\u00e9 des soutiens de ONE"},"content":{"rendered":"<p><span style=\"font-weight: 400\">En juillet, nous avons c&eacute;l&eacute;br&eacute; les journ&eacute;es internationales de c&eacute;l&eacute;brations de Malala et Mandela : deux incroyables acteurs du changement qui ont consacr&eacute; leur vie &agrave; la lutte contre l&rsquo;injustice. Dans le cadre de ces c&eacute;l&eacute;brations, nous avons dress&eacute; une liste de 10 activistes connus qui nous guident, nous &eacute;duquent et nous inspirent &agrave; changer le monde et avons demand&eacute; aux soutiens de ONE de voter pour leur favori.<\/span><\/p>\n<p><span style=\"font-weight: 400\">Plus de 1 500 soutiens &agrave; travers l&rsquo;Afrique ont vot&eacute;. Voici les trois activistes que les soutiens de ONE en Afrique de l&rsquo;Ouest francophone ont choisi :<\/span><\/p>\n<p><span style=\"font-weight: 400\">En premi&egrave;re place avec 35% des votes, le r&eacute;volutionnaire sud-africain anti-apartheid Nelson Mandela.<\/span><\/p>\n<p><span style=\"font-weight: 400\">La deuxi&egrave;me place est occup&eacute;e par le r&eacute;volutionnaire socialiste et ancien pr&eacute;sident du Burkina Faso Thomas Sankara, avec 16% des voix.<\/span><\/p>\n<p><span style=\"font-weight: 400\">La troisi&egrave;me place est occup&eacute;e par Malala Yousafzai, militante pakistanaise pour l&rsquo;&eacute;ducation des filles, avec 15 % des voix.<\/span><\/p>\n<p>D&eacute;couvrez ci-dessous les noms des incroyables activistes qui figurent sur la liste.<\/p>\n<h3><strong>Nelson Mandela, r&eacute;volutionnaire anti-apartheid, leader politique et philanthrope sud-africain.<\/strong><\/h3>\n<p><span style=\"font-weight: 400\">Nelson Rolihlahla Mandela est n&eacute; <\/span><a href=\"https:\/\/fr.wikipedia.org\/wiki\/Nelson_Mandela\"><span style=\"font-weight: 400\">le 18 juillet 1918 &agrave; Mvezo, en Afrique du Sud<\/span><\/a><span style=\"font-weight: 400\">. Tout au long de sa vie et de son emprisonnement, Mandela est devenu un symbole de la r&eacute;sistance et du mouvement anti-apartheid en Afrique du Sud. Plus tard dans sa vie, le 10 mai 1994, Mandela a &eacute;t&eacute; investi comme <\/span><a href=\"https:\/\/fr.wikipedia.org\/wiki\/Nelson_Mandela\"><span style=\"font-weight: 400\">le premier pr&eacute;sident noir du pays<\/span><\/a><span style=\"font-weight: 400\">. Au cours de sa pr&eacute;sidence, Mandela s&rsquo;est efforc&eacute; de r&eacute;concilier le pays et de prot&eacute;ger l&rsquo;&eacute;conomie sud-africaine, tout en r&eacute;digeant une nouvelle constitution qui a &eacute;tabli un gouvernement central fort fond&eacute; sur la r&egrave;gle de la majorit&eacute; et garantissant &agrave; la fois les droits des minorit&eacute;s et la libert&eacute; d&rsquo;expression.<\/span><\/p>\n<p><span style=\"font-weight: 400\">Apr&egrave;s s&rsquo;&ecirc;tre retir&eacute; de la vie politique en 1999, Mandela est rest&eacute; engag&eacute; dans la collecte de fonds pour construire des &eacute;coles en Afrique du Sud et s&rsquo;est impliqu&eacute; dans la lutte contre le sida, apr&egrave;s que <\/span><a href=\"https:\/\/fr.wikipedia.org\/wiki\/Nelson_Mandela\"><span style=\"font-weight: 400\">son fils soit d&eacute;c&eacute;d&eacute; de cette maladie<\/span><\/a><span style=\"font-weight: 400\">. Mandela est d&eacute;c&eacute;d&eacute; le <\/span><a href=\"https:\/\/fr.wikipedia.org\/wiki\/Nelson_Mandela\"><span style=\"font-weight: 400\">5 d&eacute;cembre 2013<\/span><\/a><span style=\"font-weight: 400\">, &agrave; l&rsquo;&acirc;ge de 95 ans, dans sa maison de Johannesburg, en Afrique du Sud, mais son h&eacute;ritage perdure &agrave; travers son travail militant de toute une vie.<\/span><\/p>\n<h3><strong>Thomas Isidore No&euml;l Sankara : r&eacute;volutionnaire socialiste, Pr&eacute;sident du Burkina Faso de 1983 &agrave; 1987<\/strong><\/h3>\n<p>Thomas Isidore No&euml;l Sankara, n&eacute; le 21 d&eacute;cembre 1949, est un officier militaire <a href=\"https:\/\/fr.wikipedia.org\/wiki\/Thomas_Sankara\">burkinab&eacute;<\/a> et un r&eacute;volutionnaire socialiste qui a &eacute;t&eacute; <a href=\"https:\/\/fr.wikipedia.org\/wiki\/Thomas_Sankara\">pr&eacute;sident du Burkina Faso<\/a> de 1983, date de son coup d&rsquo;&Eacute;tat &agrave; 1987. Marxiste-l&eacute;niniste et panafricaniste, il &eacute;tait consid&eacute;r&eacute; par ses partisans comme une figure charismatique et embl&eacute;matique de la r&eacute;volution et est parfois appel&eacute; le &ldquo;Che Guevara de l&rsquo;Afrique&rdquo;.<\/p>\n<p>&Agrave; 33 ans, Sankara devient le pr&eacute;sident de la <a href=\"https:\/\/fr.wikipedia.org\/wiki\/Thomas_Sankara\">R&eacute;publique de Haute-Volta<\/a>. Il a imm&eacute;diatement lanc&eacute; des programmes de changement social, &eacute;cologique et &eacute;conomique et a rebaptis&eacute; le pays du nom colonial fran&ccedil;ais de Haute-Volta en Burkina Faso (&ldquo;Terre des Incorruptibles&rdquo;). Il a interdit les mutilations g&eacute;nitales f&eacute;minines, les mariages forc&eacute;s et la polygamie. Il a nomm&eacute; des femmes &agrave; des postes gouvernementaux &eacute;lev&eacute;s et les a encourag&eacute;es &agrave; travailler en dehors de la maison et &agrave; rester &agrave; l&rsquo;&eacute;cole. Ses programmes r&eacute;volutionnaires pour l&rsquo;autonomie des Africains ont fait de lui une ic&ocirc;ne pour les populations d&eacute;munies d&rsquo;Afrique. Sankara est rest&eacute; populaire aupr&egrave;s de la plupart des citoyens de son pays. Cependant, ses politiques ali&egrave;nent et contrarient plusieurs groupes, dont la petite mais puissante classe moyenne burkinab&eacute;, le gouvernement Fran&ccedil;ais et de son alli&eacute;e la C&ocirc;te d&rsquo;Ivoire. Le 15 octobre 1987, Sankara est assassin&eacute; par les troupes dirig&eacute;es par Blaise Compaor&eacute;, qui prend la t&ecirc;te de l&rsquo;&Eacute;tat peu apr&egrave;s la mort de Sankara.<\/p>\n<p><strong>Malala Yousafzai, militante pakistanaise pour l&rsquo;&eacute;ducation des filles<\/strong><\/p>\n<p><span style=\"font-weight: 400\">Malala Yousafzai est <\/span><a href=\"https:\/\/fr.wikipedia.org\/wiki\/Malala_Yousafzai\"><span style=\"font-weight: 400\">n&eacute;e le 12 juillet 1997<\/span><\/a><span style=\"font-weight: 400\"> &agrave; Mingora, au Pakistan. Le p&egrave;re de Malala, un enseignant qui dirigeait une &eacute;cole de filles, tenait &agrave; donner &agrave; sa fille toutes les chances possibles. Elle est donc all&eacute;e &agrave; l&rsquo;&eacute;cole, jusqu&rsquo;&agrave; ce que les talibans prennent le contr&ocirc;le de sa ville et interdisent aux filles d&rsquo;y aller.<\/span><\/p>\n<p><span style=\"font-weight: 400\">&Agrave; partir de ce moment, Malala d&eacute;cide de s&rsquo;&eacute;lever publiquement contre cette interdiction. Cela a fait d&rsquo;elle une cible, et en octobre 2012, &agrave; l&rsquo;&acirc;ge de 15 ans, alors qu&rsquo;elle rentrait de l&rsquo;&eacute;cole, elle a surv&eacute;cu &agrave; une tentative d&rsquo;assassinat apr&egrave;s avoir re&ccedil;u une balle du <\/span><a href=\"https:\/\/fr.wikipedia.org\/wiki\/Malala_Yousafzai\"><span style=\"font-weight: 400\">c&ocirc;t&eacute; gauche de la t&ecirc;te<\/span><\/a><span style=\"font-weight: 400\">.<\/span><\/p>\n<p><span style=\"font-weight: 400\">Apr&egrave;s des mois de traitements et de visites &agrave; l&rsquo;h&ocirc;pital au Royaume-Uni, o&ugrave; elle a &eacute;t&eacute; soign&eacute;e, Malala a cr&eacute;&eacute; le <\/span><a href=\"https:\/\/fr.wikipedia.org\/wiki\/Malala_Yousafzai\"><span style=\"font-weight: 400\">Fonds Malala<\/span><\/a><span style=\"font-weight: 400\">, &ldquo;un organisme de bienfaisance d&eacute;di&eacute; &agrave; donner &agrave; chaque fille la possibilit&eacute; de r&eacute;aliser l&rsquo;avenir qu&rsquo;elle choisit.&rdquo; En 2014, <\/span><a href=\"https:\/\/fr.wikipedia.org\/wiki\/Malala_Yousafzai\"><span style=\"font-weight: 400\">Malala et Kailash Satyarthi<\/span><\/a><span style=\"font-weight: 400\"> ont re&ccedil;u conjointement <\/span><a href=\"https:\/\/fr.wikipedia.org\/wiki\/Malala_Yousafzai\"><span style=\"font-weight: 400\">le prix Nobel de la paix<\/span><\/a><span style=\"font-weight: 400\"> pour leur action en faveur des droits de l&rsquo;enfant.<\/span><\/p>\n<p><strong>D&eacute;couvrez quelques-uns de nos activistes pr&eacute;f&eacute;r&eacute;s, moins connus !<\/strong><\/p>\n<p>&nbsp;<\/p>\n<div class=\"buffer\"><\/div>","protected":false},"excerpt":{"rendered":"<p>En juillet, nous avons c&eacute;l&eacute;br&eacute; les journ&eacute;es internationales de c&eacute;l&eacute;brations de Malala et Mandela : deux incroyables acteurs du changement qui ont consacr&eacute; leur vie &agrave; la lutte contre l&rsquo;injustice. Dans le cadre de ces c&eacute;l&eacute;brations, nous avons dress&eacute; une liste de 10 activistes connus qui nous guident, nous &eacute;duquent et nous inspirent &agrave; changer [&hellip;]<\/p>\n","protected":false},"author":1,"featured_media":163378,"comment_status":"open","ping_status":"open","sticky":false,"template":"","format":"standard","meta":{"_acf_changed":false,"_relevanssi_hide_post":"","_relevanssi_hide_content":"","_relevanssi_pin_for_all":"","_relevanssi_pin_keywords":"","_relevanssi_unpin_keywords":"","_relevanssi_related_keywords":"","_relevanssi_related_include_ids":"","_relevanssi_related_exclude_ids":"","_relevanssi_related_no_append":"","_relevanssi_related_not_related":"","_relevanssi_related_posts":"162135,162134,162133,162132,162131,162130","_relevanssi_noindex_reason":"","footnotes":""},"categories":[1],"tags":[],"topic":[247],"contributor":[280],"one_content_audience":[],"one_content_type":[],"one_content_tone":[],"class_list":["post-162124","post","type-post","status-publish","format-standard","has-post-thumbnail","hentry","category-uncategorized","topic-que-font-nos-membres","contributor-one-campaign-fr"],"acf":[],"yoast_head":"<!-- This site is optimized with the Yoast SEO Premium plugin v27.1 (Yoast SEO v27.1.1) - https:\/\/yoast.com\/product\/yoast-seo-premium-wordpress\/ -->\n<title>Nelson Mandela \u00e9lu activiste pr\u00e9f\u00e9r\u00e9 des soutiens de ONE - ONE.org Africa<\/title>\n<meta name=\"robots\" content=\"index, follow, max-snippet:-1, max-image-preview:large, max-video-preview:-1\" \/>\n<link rel=\"canonical\" href=\"https:\/\/www.one.org\/africa\/fr\/stories\/nelson-mandela-elu-activiste-prefere-des-soutiens-de-one\/\" \/>\n<meta property=\"og:locale\" content=\"fr_FR\" \/>\n<meta property=\"og:type\" content=\"article\" \/>\n<meta property=\"og:title\" content=\"Nelson Mandela \u00e9lu activiste pr\u00e9f\u00e9r\u00e9 des soutiens de ONE\" \/>\n<meta property=\"og:description\" content=\"En juillet, nous avons c&eacute;l&eacute;br&eacute; les journ&eacute;es internationales de c&eacute;l&eacute;brations de Malala et Mandela : deux incroyables acteurs du changement qui ont consacr&eacute; leur vie &agrave; la lutte contre l&rsquo;injustice. Dans le cadre de ces c&eacute;l&eacute;brations, nous avons dress&eacute; une liste de 10 activistes connus qui nous guident, nous &eacute;duquent et nous inspirent &agrave; changer [&hellip;]\" \/>\n<meta property=\"og:url\" content=\"https:\/\/www.one.org\/africa\/fr\/stories\/nelson-mandela-elu-activiste-prefere-des-soutiens-de-one\/\" \/>\n<meta property=\"og:site_name\" content=\"ONE.org Africa\" \/>\n<meta property=\"article:publisher\" content=\"https:\/\/www.facebook.com\/ONEinAfrica\" \/>\n<meta property=\"article:published_time\" content=\"2021-09-03T12:47:41+00:00\" \/>\n<meta property=\"article:modified_time\" content=\"2024-01-22T15:10:41+00:00\" \/>\n<meta property=\"og:image\" content=\"https:\/\/cdn.one.org\/oneorg\/wp-content\/uploads\/sites\/5\/2021\/09\/02104423\/ACT_2021_share_1200x628_fwa.jpg\" \/>\n\t<meta property=\"og:image:width\" content=\"1200\" \/>\n\t<meta property=\"og:image:height\" content=\"628\" \/>\n\t<meta property=\"og:image:type\" content=\"image\/jpeg\" \/>\n<meta name=\"author\" content=\"admin\" \/>\n<meta name=\"twitter:card\" content=\"summary_large_image\" \/>\n<meta name=\"twitter:creator\" content=\"@ONEinAfrica\" \/>\n<meta name=\"twitter:site\" content=\"@ONEinAfrica\" \/>\n<meta name=\"twitter:label1\" content=\"Written by\" \/>\n\t<meta name=\"twitter:data1\" content=\"admin\" \/>\n\t<meta name=\"twitter:label2\" content=\"Est. reading time\" \/>\n\t<meta name=\"twitter:data2\" content=\"4 minutes\" \/>\n<script type=\"application\/ld+json\" class=\"yoast-schema-graph\">{\"@context\":\"https:\/\/schema.org\",\"@graph\":[{\"@type\":\"Article\",\"@id\":\"https:\/\/www.one.org\/africa\/fr\/stories\/nelson-mandela-elu-activiste-prefere-des-soutiens-de-one\/#article\",\"isPartOf\":{\"@id\":\"https:\/\/www.one.org\/africa\/fr\/stories\/nelson-mandela-elu-activiste-prefere-des-soutiens-de-one\/\"},\"author\":{\"name\":\"admin\",\"@id\":\"https:\/\/www.one.org\/africa\/fr\/#\/schema\/person\/236ef43a079c36667c3f1de2da8e0838\"},\"headline\":\"Nelson Mandela \u00e9lu activiste pr\u00e9f\u00e9r\u00e9 des soutiens de ONE\",\"datePublished\":\"2021-09-03T12:47:41+00:00\",\"dateModified\":\"2024-01-22T15:10:41+00:00\",\"mainEntityOfPage\":{\"@id\":\"https:\/\/www.one.org\/africa\/fr\/stories\/nelson-mandela-elu-activiste-prefere-des-soutiens-de-one\/\"},\"wordCount\":1061,\"commentCount\":0,\"image\":{\"@id\":\"https:\/\/www.one.org\/africa\/fr\/stories\/nelson-mandela-elu-activiste-prefere-des-soutiens-de-one\/#primaryimage\"},\"thumbnailUrl\":\"https:\/\/www.one.org\/africa\/wp-content\/uploads\/sites\/5\/2021\/09\/ACT_2021_share_1200x628_fwa.jpg\",\"inLanguage\":\"fr-FR\",\"potentialAction\":[{\"@type\":\"CommentAction\",\"name\":\"Comment\",\"target\":[\"https:\/\/www.one.org\/africa\/fr\/stories\/nelson-mandela-elu-activiste-prefere-des-soutiens-de-one\/#respond\"]}]},{\"@type\":\"WebPage\",\"@id\":\"https:\/\/www.one.org\/africa\/fr\/stories\/nelson-mandela-elu-activiste-prefere-des-soutiens-de-one\/\",\"url\":\"https:\/\/www.one.org\/africa\/fr\/stories\/nelson-mandela-elu-activiste-prefere-des-soutiens-de-one\/\",\"name\":\"Nelson Mandela \u00e9lu activiste pr\u00e9f\u00e9r\u00e9 des soutiens de ONE - ONE.org Africa\",\"isPartOf\":{\"@id\":\"https:\/\/www.one.org\/africa\/fr\/#website\"},\"primaryImageOfPage\":{\"@id\":\"https:\/\/www.one.org\/africa\/fr\/stories\/nelson-mandela-elu-activiste-prefere-des-soutiens-de-one\/#primaryimage\"},\"image\":{\"@id\":\"https:\/\/www.one.org\/africa\/fr\/stories\/nelson-mandela-elu-activiste-prefere-des-soutiens-de-one\/#primaryimage\"},\"thumbnailUrl\":\"https:\/\/www.one.org\/africa\/wp-content\/uploads\/sites\/5\/2021\/09\/ACT_2021_share_1200x628_fwa.jpg\",\"datePublished\":\"2021-09-03T12:47:41+00:00\",\"dateModified\":\"2024-01-22T15:10:41+00:00\",\"author\":{\"@id\":\"https:\/\/www.one.org\/africa\/fr\/#\/schema\/person\/236ef43a079c36667c3f1de2da8e0838\"},\"breadcrumb\":{\"@id\":\"https:\/\/www.one.org\/africa\/fr\/stories\/nelson-mandela-elu-activiste-prefere-des-soutiens-de-one\/#breadcrumb\"},\"inLanguage\":\"fr-FR\",\"potentialAction\":[{\"@type\":\"ReadAction\",\"target\":[\"https:\/\/www.one.org\/africa\/fr\/stories\/nelson-mandela-elu-activiste-prefere-des-soutiens-de-one\/\"]}]},{\"@type\":\"ImageObject\",\"inLanguage\":\"fr-FR\",\"@id\":\"https:\/\/www.one.org\/africa\/fr\/stories\/nelson-mandela-elu-activiste-prefere-des-soutiens-de-one\/#primaryimage\",\"url\":\"https:\/\/www.one.org\/africa\/wp-content\/uploads\/sites\/5\/2021\/09\/ACT_2021_share_1200x628_fwa.jpg\",\"contentUrl\":\"https:\/\/www.one.org\/africa\/wp-content\/uploads\/sites\/5\/2021\/09\/ACT_2021_share_1200x628_fwa.jpg\",\"width\":1200,\"height\":628},{\"@type\":\"BreadcrumbList\",\"@id\":\"https:\/\/www.one.org\/africa\/fr\/stories\/nelson-mandela-elu-activiste-prefere-des-soutiens-de-one\/#breadcrumb\",\"itemListElement\":[{\"@type\":\"ListItem\",\"position\":1,\"name\":\"Home\",\"item\":\"https:\/\/www.one.org\/africa\/fr\/\"},{\"@type\":\"ListItem\",\"position\":2,\"name\":\"Nelson Mandela \u00e9lu activiste pr\u00e9f\u00e9r\u00e9 des soutiens de ONE\"}]},{\"@type\":\"WebSite\",\"@id\":\"https:\/\/www.one.org\/africa\/fr\/#website\",\"url\":\"https:\/\/www.one.org\/africa\/fr\/\",\"name\":\"ONE.org\",\"description\":\"Cr\u00e9er des opportunit\u00e9s \u00e9conomiques et am\u00e9liorer la sant\u00e9 en Afrique\",\"potentialAction\":[{\"@type\":\"SearchAction\",\"target\":{\"@type\":\"EntryPoint\",\"urlTemplate\":\"https:\/\/www.one.org\/africa\/fr\/?s={search_term_string}\"},\"query-input\":{\"@type\":\"PropertyValueSpecification\",\"valueRequired\":true,\"valueName\":\"search_term_string\"}}],\"inLanguage\":\"fr-FR\"},{\"@type\":\"Person\",\"@id\":\"https:\/\/www.one.org\/africa\/fr\/#\/schema\/person\/236ef43a079c36667c3f1de2da8e0838\",\"name\":\"admin\",\"image\":{\"@type\":\"ImageObject\",\"inLanguage\":\"fr-FR\",\"@id\":\"https:\/\/www.one.org\/africa\/fr\/#\/schema\/person\/image\/\",\"url\":\"https:\/\/secure.gravatar.com\/avatar\/2b4204681b789d34ede86a735f8b6378df901f7f7ab7a9ca89af4670b2bb13b8?s=96&d=mm&r=g\",\"contentUrl\":\"https:\/\/secure.gravatar.com\/avatar\/2b4204681b789d34ede86a735f8b6378df901f7f7ab7a9ca89af4670b2bb13b8?s=96&d=mm&r=g\",\"caption\":\"admin\"},\"sameAs\":[\"http:\/\/www.one.org\"],\"url\":\"https:\/\/www.one.org\/africa\/fr\/stories\/author\/admin\/\"}]}<\/script>\n<!-- \/ Yoast SEO Premium plugin. -->","yoast_head_json":{"title":"Nelson Mandela \u00e9lu activiste pr\u00e9f\u00e9r\u00e9 des soutiens de ONE - ONE.org Africa","robots":{"index":"index","follow":"follow","max-snippet":"max-snippet:-1","max-image-preview":"max-image-preview:large","max-video-preview":"max-video-preview:-1"},"canonical":"https:\/\/www.one.org\/africa\/fr\/stories\/nelson-mandela-elu-activiste-prefere-des-soutiens-de-one\/","og_locale":"fr_FR","og_type":"article","og_title":"Nelson Mandela \u00e9lu activiste pr\u00e9f\u00e9r\u00e9 des soutiens de ONE","og_description":"En juillet, nous avons c&eacute;l&eacute;br&eacute; les journ&eacute;es internationales de c&eacute;l&eacute;brations de Malala et Mandela : deux incroyables acteurs du changement qui ont consacr&eacute; leur vie &agrave; la lutte contre l&rsquo;injustice. Dans le cadre de ces c&eacute;l&eacute;brations, nous avons dress&eacute; une liste de 10 activistes connus qui nous guident, nous &eacute;duquent et nous inspirent &agrave; changer [&hellip;]","og_url":"https:\/\/www.one.org\/africa\/fr\/stories\/nelson-mandela-elu-activiste-prefere-des-soutiens-de-one\/","og_site_name":"ONE.org Africa","article_publisher":"https:\/\/www.facebook.com\/ONEinAfrica","article_published_time":"2021-09-03T12:47:41+00:00","article_modified_time":"2024-01-22T15:10:41+00:00","og_image":[{"width":1200,"height":628,"url":"https:\/\/cdn.one.org\/oneorg\/wp-content\/uploads\/sites\/5\/2021\/09\/02104423\/ACT_2021_share_1200x628_fwa.jpg","type":"image\/jpeg"}],"author":"admin","twitter_card":"summary_large_image","twitter_creator":"@ONEinAfrica","twitter_site":"@ONEinAfrica","twitter_misc":{"Written by":"admin","Est. reading time":"4 minutes"},"schema":{"@context":"https:\/\/schema.org","@graph":[{"@type":"Article","@id":"https:\/\/www.one.org\/africa\/fr\/stories\/nelson-mandela-elu-activiste-prefere-des-soutiens-de-one\/#article","isPartOf":{"@id":"https:\/\/www.one.org\/africa\/fr\/stories\/nelson-mandela-elu-activiste-prefere-des-soutiens-de-one\/"},"author":{"name":"admin","@id":"https:\/\/www.one.org\/africa\/fr\/#\/schema\/person\/236ef43a079c36667c3f1de2da8e0838"},"headline":"Nelson Mandela \u00e9lu activiste pr\u00e9f\u00e9r\u00e9 des soutiens de ONE","datePublished":"2021-09-03T12:47:41+00:00","dateModified":"2024-01-22T15:10:41+00:00","mainEntityOfPage":{"@id":"https:\/\/www.one.org\/africa\/fr\/stories\/nelson-mandela-elu-activiste-prefere-des-soutiens-de-one\/"},"wordCount":1061,"commentCount":0,"image":{"@id":"https:\/\/www.one.org\/africa\/fr\/stories\/nelson-mandela-elu-activiste-prefere-des-soutiens-de-one\/#primaryimage"},"thumbnailUrl":"https:\/\/www.one.org\/africa\/wp-content\/uploads\/sites\/5\/2021\/09\/ACT_2021_share_1200x628_fwa.jpg","inLanguage":"fr-FR","potentialAction":[{"@type":"CommentAction","name":"Comment","target":["https:\/\/www.one.org\/africa\/fr\/stories\/nelson-mandela-elu-activiste-prefere-des-soutiens-de-one\/#respond"]}]},{"@type":"WebPage","@id":"https:\/\/www.one.org\/africa\/fr\/stories\/nelson-mandela-elu-activiste-prefere-des-soutiens-de-one\/","url":"https:\/\/www.one.org\/africa\/fr\/stories\/nelson-mandela-elu-activiste-prefere-des-soutiens-de-one\/","name":"Nelson Mandela \u00e9lu activiste pr\u00e9f\u00e9r\u00e9 des soutiens de ONE - ONE.org Africa","isPartOf":{"@id":"https:\/\/www.one.org\/africa\/fr\/#website"},"primaryImageOfPage":{"@id":"https:\/\/www.one.org\/africa\/fr\/stories\/nelson-mandela-elu-activiste-prefere-des-soutiens-de-one\/#primaryimage"},"image":{"@id":"https:\/\/www.one.org\/africa\/fr\/stories\/nelson-mandela-elu-activiste-prefere-des-soutiens-de-one\/#primaryimage"},"thumbnailUrl":"https:\/\/www.one.org\/africa\/wp-content\/uploads\/sites\/5\/2021\/09\/ACT_2021_share_1200x628_fwa.jpg","datePublished":"2021-09-03T12:47:41+00:00","dateModified":"2024-01-22T15:10:41+00:00","author":{"@id":"https:\/\/www.one.org\/africa\/fr\/#\/schema\/person\/236ef43a079c36667c3f1de2da8e0838"},"breadcrumb":{"@id":"https:\/\/www.one.org\/africa\/fr\/stories\/nelson-mandela-elu-activiste-prefere-des-soutiens-de-one\/#breadcrumb"},"inLanguage":"fr-FR","potentialAction":[{"@type":"ReadAction","target":["https:\/\/www.one.org\/africa\/fr\/stories\/nelson-mandela-elu-activiste-prefere-des-soutiens-de-one\/"]}]},{"@type":"ImageObject","inLanguage":"fr-FR","@id":"https:\/\/www.one.org\/africa\/fr\/stories\/nelson-mandela-elu-activiste-prefere-des-soutiens-de-one\/#primaryimage","url":"https:\/\/www.one.org\/africa\/wp-content\/uploads\/sites\/5\/2021\/09\/ACT_2021_share_1200x628_fwa.jpg","contentUrl":"https:\/\/www.one.org\/africa\/wp-content\/uploads\/sites\/5\/2021\/09\/ACT_2021_share_1200x628_fwa.jpg","width":1200,"height":628},{"@type":"BreadcrumbList","@id":"https:\/\/www.one.org\/africa\/fr\/stories\/nelson-mandela-elu-activiste-prefere-des-soutiens-de-one\/#breadcrumb","itemListElement":[{"@type":"ListItem","position":1,"name":"Home","item":"https:\/\/www.one.org\/africa\/fr\/"},{"@type":"ListItem","position":2,"name":"Nelson Mandela \u00e9lu activiste pr\u00e9f\u00e9r\u00e9 des soutiens de ONE"}]},{"@type":"WebSite","@id":"https:\/\/www.one.org\/africa\/fr\/#website","url":"https:\/\/www.one.org\/africa\/fr\/","name":"ONE.org","description":"Cr\u00e9er des opportunit\u00e9s \u00e9conomiques et am\u00e9liorer la sant\u00e9 en Afrique","potentialAction":[{"@type":"SearchAction","target":{"@type":"EntryPoint","urlTemplate":"https:\/\/www.one.org\/africa\/fr\/?s={search_term_string}"},"query-input":{"@type":"PropertyValueSpecification","valueRequired":true,"valueName":"search_term_string"}}],"inLanguage":"fr-FR"},{"@type":"Person","@id":"https:\/\/www.one.org\/africa\/fr\/#\/schema\/person\/236ef43a079c36667c3f1de2da8e0838","name":"admin","image":{"@type":"ImageObject","inLanguage":"fr-FR","@id":"https:\/\/www.one.org\/africa\/fr\/#\/schema\/person\/image\/","url":"https:\/\/secure.gravatar.com\/avatar\/2b4204681b789d34ede86a735f8b6378df901f7f7ab7a9ca89af4670b2bb13b8?s=96&d=mm&r=g","contentUrl":"https:\/\/secure.gravatar.com\/avatar\/2b4204681b789d34ede86a735f8b6378df901f7f7ab7a9ca89af4670b2bb13b8?s=96&d=mm&r=g","caption":"admin"},"sameAs":["http:\/\/www.one.org"],"url":"https:\/\/www.one.org\/africa\/fr\/stories\/author\/admin\/"}]}},"distributor_meta":false,"distributor_terms":false,"distributor_media":false,"distributor_original_site_name":"ONE.org Africa","distributor_original_site_url":"https:\/\/www.one.org\/africa\/fr\/","push-errors":false,"_links":{"self":[{"href":"https:\/\/www.one.org\/africa\/fr\/wp-json\/wp\/v2\/posts\/162124","targetHints":{"allow":["GET"]}}],"collection":[{"href":"https:\/\/www.one.org\/africa\/fr\/wp-json\/wp\/v2\/posts"}],"about":[{"href":"https:\/\/www.one.org\/africa\/fr\/wp-json\/wp\/v2\/types\/post"}],"author":[{"embeddable":true,"href":"https:\/\/www.one.org\/africa\/fr\/wp-json\/wp\/v2\/users\/1"}],"replies":[{"embeddable":true,"href":"https:\/\/www.one.org\/africa\/fr\/wp-json\/wp\/v2\/comments?post=162124"}],"version-history":[{"count":0,"href":"https:\/\/www.one.org\/africa\/fr\/wp-json\/wp\/v2\/posts\/162124\/revisions"}],"wp:featuredmedia":[{"embeddable":true,"href":"https:\/\/www.one.org\/africa\/fr\/wp-json\/wp\/v2\/media\/163378"}],"wp:attachment":[{"href":"https:\/\/www.one.org\/africa\/fr\/wp-json\/wp\/v2\/media?parent=162124"}],"wp:term":[{"taxonomy":"category","embeddable":true,"href":"https:\/\/www.one.org\/africa\/fr\/wp-json\/wp\/v2\/categories?post=162124"},{"taxonomy":"post_tag","embeddable":true,"href":"https:\/\/www.one.org\/africa\/fr\/wp-json\/wp\/v2\/tags?post=162124"},{"taxonomy":"topic","embeddable":true,"href":"https:\/\/www.one.org\/africa\/fr\/wp-json\/wp\/v2\/topic?post=162124"},{"taxonomy":"contributor","embeddable":true,"href":"https:\/\/www.one.org\/africa\/fr\/wp-json\/wp\/v2\/contributor?post=162124"},{"taxonomy":"one_content_audience","embeddable":true,"href":"https:\/\/www.one.org\/africa\/fr\/wp-json\/wp\/v2\/one_content_audience?post=162124"},{"taxonomy":"one_content_type","embeddable":true,"href":"https:\/\/www.one.org\/africa\/fr\/wp-json\/wp\/v2\/one_content_type?post=162124"},{"taxonomy":"one_content_tone","embeddable":true,"href":"https:\/\/www.one.org\/africa\/fr\/wp-json\/wp\/v2\/one_content_tone?post=162124"}],"curies":[{"name":"wp","href":"https:\/\/api.w.org\/{rel}","templated":true}]}}