{"id":162117,"date":"2021-03-26T13:40:23","date_gmt":"2021-03-26T13:40:23","guid":{"rendered":"https:\/\/www.one.org\/africa\/telechargez-nos-fonds-decran-pandemica\/"},"modified":"2024-01-22T15:20:15","modified_gmt":"2024-01-22T15:20:15","slug":"telechargez-nos-fonds-decran-pandemica","status":"publish","type":"post","link":"https:\/\/www.one.org\/africa\/fr\/stories\/telechargez-nos-fonds-decran-pandemica\/","title":{"rendered":"T\u00e9l\u00e9chargez nos fonds d\u2019\u00e9cran Pandemica !"},"content":{"rendered":"<p><span style=\"font-weight: 400\">Les soutiens de ONE &agrave; travers le monde jouent un r&ocirc;le essentiel dans la mission de ONE et le partage de nos messages, que ce soit &agrave; travers de demandes adress&eacute;es aux&nbsp; dirigeants mondiaux ou l&rsquo;amplification de notre nouvelle s&eacute;rie anim&eacute;e &ldquo;Pandemica&rdquo;. Pour celles et ceux qui voudraient rendre leur soutien un peu plus personnel, nous avons ce qu&rsquo;il vous faut : des fonds d&rsquo;&eacute;cran &ldquo;Pandemica&rdquo;.<\/span><\/p>\n<p><b>&Agrave; propos des fonds d&rsquo;&eacute;cran<\/b><\/p>\n<p><span style=\"font-weight: 400\">La seule fa&ccedil;on de mettre fin &agrave; la pand&eacute;mie du COVID-19 est de garantir un acc&egrave;s aux vaccins &agrave; toutes et tous, partout. Certes, Pandemica est un endroit fictif, mais pour des milliards de personnes, cette fiction est bien une r&eacute;alit&eacute;. <\/span><span style=\"font-weight: 400\">&Agrave; l&rsquo;heure actuelle, alors qu&rsquo;une petite poign&eacute;e de pays dispose d&rsquo;un surplus &eacute;norme de vaccins &ndash; un milliard de plus que n&eacute;cessaire pour vacciner la totalit&eacute; de leur population &ndash; moins d&rsquo;1% des doses administr&eacute;es dans le monde l&rsquo;ont &eacute;t&eacute; dans les pays &agrave; faible revenu.<\/span><span style=\"font-weight: 400\"> Nous avons donc besoin de votre aide pour faire passer notre message afin d&rsquo;emp&ecirc;cher que Pandemica ne devienne une r&eacute;alit&eacute; mondiale.<\/span><\/p>\n<p><span style=\"font-weight: 400\">Si vous voulez informer vos ami&middot;e&middot;s et coll&egrave;gues lors de r&eacute;unions Zoom ou si vous voulez nous faire part de votre soutien depuis votre ordinateur, t&eacute;l&eacute;chargez et utilisez nos fonds d&rsquo;&eacute;cran &ldquo;Pandemica&rdquo; pour partager nos messages &agrave; travers le monde &ndash; car sans un vaccin accessible &agrave; tous, le virus reste un danger pour tous.<\/span><\/p>\n<p><b>Montrez votre soutien<\/b><\/p>\n<p><span style=\"font-weight: 400\">[FONDS D&rsquo;&Eacute;CRAN PANDEMICA POUR ORDINATEUR <\/span><a href=\"https:\/\/www.dropbox.com\/sh\/dghk6tdwedza5zk\/AAAvPCgJUwglkZA7RonD1AD4a\/Backgrounds?dl=0&amp;preview=Pandemica_Desktop_Background_1920x1080.png&amp;subfolder_nav_tracking=1\"><span style=\"font-weight: 400\">ICI <\/span><\/a><span style=\"font-weight: 400\">&nbsp;ET T&Eacute;L&Eacute;PHONE <\/span><a href=\"https:\/\/www.dropbox.com\/sh\/dghk6tdwedza5zk\/AAAvPCgJUwglkZA7RonD1AD4a\/Backgrounds?dl=0&amp;preview=Pandemica_Mobile_Background_1080x1920.png&amp;subfolder_nav_tracking=1\"><span style=\"font-weight: 400\">ICI<\/span><\/a><span style=\"font-weight: 400\">]<\/span><\/p>\n<p><a href=\"https:\/\/www.one.org\/fr\/blog\/pandemica-un-monde-dans-lequel-la-pandemie-ne-touche-jamais-a-sa-fin\/\"><span style=\"font-weight: 400\">D&eacute;couvrez-en plus sur Pandemica<\/span><\/a><span style=\"font-weight: 400\"> et <\/span><a href=\"https:\/\/www.youtube.com\/playlist?list=PLc3tHgIoxcC0Q_Y_tVWSKYZu9bebYtIqV\"><span style=\"font-weight: 400\">regardez les &eacute;pisodes<\/span><\/a><span style=\"font-weight: 400\">.&nbsp;<\/span><\/p>\n<p><i><span style=\"font-weight: 400\">Pandemica a &eacute;t&eacute; illustr&eacute;e par l&rsquo;artiste Andrew Rae et anim&eacute;e par<\/span><\/i><a href=\"https:\/\/titmouse.net\/\"> <i><span style=\"font-weight: 400\">Titmouse<\/span><\/i><\/a><i><span style=\"font-weight: 400\">. Le design sonore et musique est sign&eacute;<\/span><\/i><a href=\"https:\/\/wearefather.com\/\"> <i><span style=\"font-weight: 400\">father.<\/span><\/i><\/a><i><span style=\"font-weight: 400\"> La s&eacute;rie a &eacute;t&eacute; cr&eacute;&eacute;e et produite en partenariat avec<\/span><\/i>.<\/span><\/p>\n<div class=\"buffer\"><\/div>","protected":false},"excerpt":{"rendered":"<p>Les soutiens de ONE &agrave; travers le monde jouent un r&ocirc;le essentiel dans la mission de ONE et le partage de nos messages, que ce soit &agrave; travers de demandes adress&eacute;es aux&nbsp; dirigeants mondiaux ou l&rsquo;amplification de notre nouvelle s&eacute;rie anim&eacute;e &ldquo;Pandemica&rdquo;. Pour celles et ceux qui voudraient rendre leur soutien un peu plus personnel, [&hellip;]<\/p>\n","protected":false},"author":1,"featured_media":163402,"comment_status":"open","ping_status":"open","sticky":false,"template":"","format":"standard","meta":{"_acf_changed":false,"_relevanssi_hide_post":"","_relevanssi_hide_content":"","_relevanssi_pin_for_all":"","_relevanssi_pin_keywords":"","_relevanssi_unpin_keywords":"","_relevanssi_related_keywords":"","_relevanssi_related_include_ids":"","_relevanssi_related_exclude_ids":"","_relevanssi_related_no_append":"","_relevanssi_related_not_related":"","_relevanssi_related_posts":"162135,162134,162132,162131,162130,162129","_relevanssi_noindex_reason":"","footnotes":""},"categories":[1],"tags":[],"topic":[248],"contributor":[280],"one_content_audience":[],"one_content_type":[],"one_content_tone":[],"class_list":["post-162117","post","type-post","status-publish","format-standard","has-post-thumbnail","hentry","category-uncategorized","topic-sante","contributor-one-campaign-fr"],"acf":[],"yoast_head":"<!-- This site is optimized with the Yoast SEO Premium plugin v27.1 (Yoast SEO v27.1.1) - https:\/\/yoast.com\/product\/yoast-seo-premium-wordpress\/ -->\n<title>T\u00e9l\u00e9chargez nos fonds d\u2019\u00e9cran Pandemica ! - ONE.org Africa<\/title>\n<meta name=\"robots\" content=\"index, follow, max-snippet:-1, max-image-preview:large, max-video-preview:-1\" \/>\n<link rel=\"canonical\" href=\"https:\/\/www.one.org\/africa\/fr\/stories\/telechargez-nos-fonds-decran-pandemica\/\" \/>\n<meta property=\"og:locale\" content=\"fr_FR\" \/>\n<meta property=\"og:type\" content=\"article\" \/>\n<meta property=\"og:title\" content=\"T\u00e9l\u00e9chargez nos fonds d\u2019\u00e9cran Pandemica !\" \/>\n<meta property=\"og:description\" content=\"Les soutiens de ONE &agrave; travers le monde jouent un r&ocirc;le essentiel dans la mission de ONE et le partage de nos messages, que ce soit &agrave; travers de demandes adress&eacute;es aux&nbsp; dirigeants mondiaux ou l&rsquo;amplification de notre nouvelle s&eacute;rie anim&eacute;e &ldquo;Pandemica&rdquo;. Pour celles et ceux qui voudraient rendre leur soutien un peu plus personnel, [&hellip;]\" \/>\n<meta property=\"og:url\" content=\"https:\/\/www.one.org\/africa\/fr\/stories\/telechargez-nos-fonds-decran-pandemica\/\" \/>\n<meta property=\"og:site_name\" content=\"ONE.org Africa\" \/>\n<meta property=\"article:publisher\" content=\"https:\/\/www.facebook.com\/ONEinAfrica\" \/>\n<meta property=\"article:published_time\" content=\"2021-03-26T13:40:23+00:00\" \/>\n<meta property=\"article:modified_time\" content=\"2024-01-22T15:20:15+00:00\" \/>\n<meta property=\"og:image\" content=\"https:\/\/cdn.one.org\/oneorg\/wp-content\/uploads\/sites\/5\/2021\/03\/02104408\/Pandemica_blog_1080x1080_v1-2-1024x1024.png\" \/>\n\t<meta property=\"og:image:width\" content=\"1024\" \/>\n\t<meta property=\"og:image:height\" content=\"1024\" \/>\n\t<meta property=\"og:image:type\" content=\"image\/png\" \/>\n<meta name=\"author\" content=\"admin\" \/>\n<meta name=\"twitter:card\" content=\"summary_large_image\" \/>\n<meta name=\"twitter:creator\" content=\"@ONEinAfrica\" \/>\n<meta name=\"twitter:site\" content=\"@ONEinAfrica\" \/>\n<meta name=\"twitter:label1\" content=\"Written by\" \/>\n\t<meta name=\"twitter:data1\" content=\"admin\" \/>\n\t<meta name=\"twitter:label2\" content=\"Est. reading time\" \/>\n\t<meta name=\"twitter:data2\" content=\"2 minutes\" \/>\n<script type=\"application\/ld+json\" class=\"yoast-schema-graph\">{\"@context\":\"https:\/\/schema.org\",\"@graph\":[{\"@type\":\"Article\",\"@id\":\"https:\/\/www.one.org\/africa\/fr\/stories\/telechargez-nos-fonds-decran-pandemica\/#article\",\"isPartOf\":{\"@id\":\"https:\/\/www.one.org\/africa\/fr\/stories\/telechargez-nos-fonds-decran-pandemica\/\"},\"author\":{\"name\":\"admin\",\"@id\":\"https:\/\/www.one.org\/africa\/fr\/#\/schema\/person\/236ef43a079c36667c3f1de2da8e0838\"},\"headline\":\"T\u00e9l\u00e9chargez nos fonds d\u2019\u00e9cran Pandemica !\",\"datePublished\":\"2021-03-26T13:40:23+00:00\",\"dateModified\":\"2024-01-22T15:20:15+00:00\",\"mainEntityOfPage\":{\"@id\":\"https:\/\/www.one.org\/africa\/fr\/stories\/telechargez-nos-fonds-decran-pandemica\/\"},\"wordCount\":394,\"commentCount\":0,\"image\":{\"@id\":\"https:\/\/www.one.org\/africa\/fr\/stories\/telechargez-nos-fonds-decran-pandemica\/#primaryimage\"},\"thumbnailUrl\":\"https:\/\/www.one.org\/africa\/wp-content\/uploads\/sites\/5\/2021\/03\/Pandemica_blog_1080x1080_v1-2.png\",\"inLanguage\":\"fr-FR\",\"potentialAction\":[{\"@type\":\"CommentAction\",\"name\":\"Comment\",\"target\":[\"https:\/\/www.one.org\/africa\/fr\/stories\/telechargez-nos-fonds-decran-pandemica\/#respond\"]}]},{\"@type\":\"WebPage\",\"@id\":\"https:\/\/www.one.org\/africa\/fr\/stories\/telechargez-nos-fonds-decran-pandemica\/\",\"url\":\"https:\/\/www.one.org\/africa\/fr\/stories\/telechargez-nos-fonds-decran-pandemica\/\",\"name\":\"T\u00e9l\u00e9chargez nos fonds d\u2019\u00e9cran Pandemica ! - ONE.org Africa\",\"isPartOf\":{\"@id\":\"https:\/\/www.one.org\/africa\/fr\/#website\"},\"primaryImageOfPage\":{\"@id\":\"https:\/\/www.one.org\/africa\/fr\/stories\/telechargez-nos-fonds-decran-pandemica\/#primaryimage\"},\"image\":{\"@id\":\"https:\/\/www.one.org\/africa\/fr\/stories\/telechargez-nos-fonds-decran-pandemica\/#primaryimage\"},\"thumbnailUrl\":\"https:\/\/www.one.org\/africa\/wp-content\/uploads\/sites\/5\/2021\/03\/Pandemica_blog_1080x1080_v1-2.png\",\"datePublished\":\"2021-03-26T13:40:23+00:00\",\"dateModified\":\"2024-01-22T15:20:15+00:00\",\"author\":{\"@id\":\"https:\/\/www.one.org\/africa\/fr\/#\/schema\/person\/236ef43a079c36667c3f1de2da8e0838\"},\"breadcrumb\":{\"@id\":\"https:\/\/www.one.org\/africa\/fr\/stories\/telechargez-nos-fonds-decran-pandemica\/#breadcrumb\"},\"inLanguage\":\"fr-FR\",\"potentialAction\":[{\"@type\":\"ReadAction\",\"target\":[\"https:\/\/www.one.org\/africa\/fr\/stories\/telechargez-nos-fonds-decran-pandemica\/\"]}]},{\"@type\":\"ImageObject\",\"inLanguage\":\"fr-FR\",\"@id\":\"https:\/\/www.one.org\/africa\/fr\/stories\/telechargez-nos-fonds-decran-pandemica\/#primaryimage\",\"url\":\"https:\/\/www.one.org\/africa\/wp-content\/uploads\/sites\/5\/2021\/03\/Pandemica_blog_1080x1080_v1-2.png\",\"contentUrl\":\"https:\/\/www.one.org\/africa\/wp-content\/uploads\/sites\/5\/2021\/03\/Pandemica_blog_1080x1080_v1-2.png\",\"width\":1080,\"height\":1080},{\"@type\":\"BreadcrumbList\",\"@id\":\"https:\/\/www.one.org\/africa\/fr\/stories\/telechargez-nos-fonds-decran-pandemica\/#breadcrumb\",\"itemListElement\":[{\"@type\":\"ListItem\",\"position\":1,\"name\":\"Home\",\"item\":\"https:\/\/www.one.org\/africa\/fr\/\"},{\"@type\":\"ListItem\",\"position\":2,\"name\":\"T\u00e9l\u00e9chargez nos fonds d\u2019\u00e9cran Pandemica !\"}]},{\"@type\":\"WebSite\",\"@id\":\"https:\/\/www.one.org\/africa\/fr\/#website\",\"url\":\"https:\/\/www.one.org\/africa\/fr\/\",\"name\":\"ONE.org\",\"description\":\"Cr\u00e9er des opportunit\u00e9s \u00e9conomiques et am\u00e9liorer la sant\u00e9 en Afrique\",\"potentialAction\":[{\"@type\":\"SearchAction\",\"target\":{\"@type\":\"EntryPoint\",\"urlTemplate\":\"https:\/\/www.one.org\/africa\/fr\/?s={search_term_string}\"},\"query-input\":{\"@type\":\"PropertyValueSpecification\",\"valueRequired\":true,\"valueName\":\"search_term_string\"}}],\"inLanguage\":\"fr-FR\"},{\"@type\":\"Person\",\"@id\":\"https:\/\/www.one.org\/africa\/fr\/#\/schema\/person\/236ef43a079c36667c3f1de2da8e0838\",\"name\":\"admin\",\"image\":{\"@type\":\"ImageObject\",\"inLanguage\":\"fr-FR\",\"@id\":\"https:\/\/www.one.org\/africa\/fr\/#\/schema\/person\/image\/\",\"url\":\"https:\/\/secure.gravatar.com\/avatar\/2b4204681b789d34ede86a735f8b6378df901f7f7ab7a9ca89af4670b2bb13b8?s=96&d=mm&r=g\",\"contentUrl\":\"https:\/\/secure.gravatar.com\/avatar\/2b4204681b789d34ede86a735f8b6378df901f7f7ab7a9ca89af4670b2bb13b8?s=96&d=mm&r=g\",\"caption\":\"admin\"},\"sameAs\":[\"http:\/\/www.one.org\"],\"url\":\"https:\/\/www.one.org\/africa\/fr\/stories\/author\/admin\/\"}]}<\/script>\n<!-- \/ Yoast SEO Premium plugin. -->","yoast_head_json":{"title":"T\u00e9l\u00e9chargez nos fonds d\u2019\u00e9cran Pandemica ! - ONE.org Africa","robots":{"index":"index","follow":"follow","max-snippet":"max-snippet:-1","max-image-preview":"max-image-preview:large","max-video-preview":"max-video-preview:-1"},"canonical":"https:\/\/www.one.org\/africa\/fr\/stories\/telechargez-nos-fonds-decran-pandemica\/","og_locale":"fr_FR","og_type":"article","og_title":"T\u00e9l\u00e9chargez nos fonds d\u2019\u00e9cran Pandemica !","og_description":"Les soutiens de ONE &agrave; travers le monde jouent un r&ocirc;le essentiel dans la mission de ONE et le partage de nos messages, que ce soit &agrave; travers de demandes adress&eacute;es aux&nbsp; dirigeants mondiaux ou l&rsquo;amplification de notre nouvelle s&eacute;rie anim&eacute;e &ldquo;Pandemica&rdquo;. Pour celles et ceux qui voudraient rendre leur soutien un peu plus personnel, [&hellip;]","og_url":"https:\/\/www.one.org\/africa\/fr\/stories\/telechargez-nos-fonds-decran-pandemica\/","og_site_name":"ONE.org Africa","article_publisher":"https:\/\/www.facebook.com\/ONEinAfrica","article_published_time":"2021-03-26T13:40:23+00:00","article_modified_time":"2024-01-22T15:20:15+00:00","og_image":[{"width":1024,"height":1024,"url":"https:\/\/cdn.one.org\/oneorg\/wp-content\/uploads\/sites\/5\/2021\/03\/02104408\/Pandemica_blog_1080x1080_v1-2-1024x1024.png","type":"image\/png"}],"author":"admin","twitter_card":"summary_large_image","twitter_creator":"@ONEinAfrica","twitter_site":"@ONEinAfrica","twitter_misc":{"Written by":"admin","Est. reading time":"2 minutes"},"schema":{"@context":"https:\/\/schema.org","@graph":[{"@type":"Article","@id":"https:\/\/www.one.org\/africa\/fr\/stories\/telechargez-nos-fonds-decran-pandemica\/#article","isPartOf":{"@id":"https:\/\/www.one.org\/africa\/fr\/stories\/telechargez-nos-fonds-decran-pandemica\/"},"author":{"name":"admin","@id":"https:\/\/www.one.org\/africa\/fr\/#\/schema\/person\/236ef43a079c36667c3f1de2da8e0838"},"headline":"T\u00e9l\u00e9chargez nos fonds d\u2019\u00e9cran Pandemica !","datePublished":"2021-03-26T13:40:23+00:00","dateModified":"2024-01-22T15:20:15+00:00","mainEntityOfPage":{"@id":"https:\/\/www.one.org\/africa\/fr\/stories\/telechargez-nos-fonds-decran-pandemica\/"},"wordCount":394,"commentCount":0,"image":{"@id":"https:\/\/www.one.org\/africa\/fr\/stories\/telechargez-nos-fonds-decran-pandemica\/#primaryimage"},"thumbnailUrl":"https:\/\/www.one.org\/africa\/wp-content\/uploads\/sites\/5\/2021\/03\/Pandemica_blog_1080x1080_v1-2.png","inLanguage":"fr-FR","potentialAction":[{"@type":"CommentAction","name":"Comment","target":["https:\/\/www.one.org\/africa\/fr\/stories\/telechargez-nos-fonds-decran-pandemica\/#respond"]}]},{"@type":"WebPage","@id":"https:\/\/www.one.org\/africa\/fr\/stories\/telechargez-nos-fonds-decran-pandemica\/","url":"https:\/\/www.one.org\/africa\/fr\/stories\/telechargez-nos-fonds-decran-pandemica\/","name":"T\u00e9l\u00e9chargez nos fonds d\u2019\u00e9cran Pandemica ! - ONE.org Africa","isPartOf":{"@id":"https:\/\/www.one.org\/africa\/fr\/#website"},"primaryImageOfPage":{"@id":"https:\/\/www.one.org\/africa\/fr\/stories\/telechargez-nos-fonds-decran-pandemica\/#primaryimage"},"image":{"@id":"https:\/\/www.one.org\/africa\/fr\/stories\/telechargez-nos-fonds-decran-pandemica\/#primaryimage"},"thumbnailUrl":"https:\/\/www.one.org\/africa\/wp-content\/uploads\/sites\/5\/2021\/03\/Pandemica_blog_1080x1080_v1-2.png","datePublished":"2021-03-26T13:40:23+00:00","dateModified":"2024-01-22T15:20:15+00:00","author":{"@id":"https:\/\/www.one.org\/africa\/fr\/#\/schema\/person\/236ef43a079c36667c3f1de2da8e0838"},"breadcrumb":{"@id":"https:\/\/www.one.org\/africa\/fr\/stories\/telechargez-nos-fonds-decran-pandemica\/#breadcrumb"},"inLanguage":"fr-FR","potentialAction":[{"@type":"ReadAction","target":["https:\/\/www.one.org\/africa\/fr\/stories\/telechargez-nos-fonds-decran-pandemica\/"]}]},{"@type":"ImageObject","inLanguage":"fr-FR","@id":"https:\/\/www.one.org\/africa\/fr\/stories\/telechargez-nos-fonds-decran-pandemica\/#primaryimage","url":"https:\/\/www.one.org\/africa\/wp-content\/uploads\/sites\/5\/2021\/03\/Pandemica_blog_1080x1080_v1-2.png","contentUrl":"https:\/\/www.one.org\/africa\/wp-content\/uploads\/sites\/5\/2021\/03\/Pandemica_blog_1080x1080_v1-2.png","width":1080,"height":1080},{"@type":"BreadcrumbList","@id":"https:\/\/www.one.org\/africa\/fr\/stories\/telechargez-nos-fonds-decran-pandemica\/#breadcrumb","itemListElement":[{"@type":"ListItem","position":1,"name":"Home","item":"https:\/\/www.one.org\/africa\/fr\/"},{"@type":"ListItem","position":2,"name":"T\u00e9l\u00e9chargez nos fonds d\u2019\u00e9cran Pandemica !"}]},{"@type":"WebSite","@id":"https:\/\/www.one.org\/africa\/fr\/#website","url":"https:\/\/www.one.org\/africa\/fr\/","name":"ONE.org","description":"Cr\u00e9er des opportunit\u00e9s \u00e9conomiques et am\u00e9liorer la sant\u00e9 en Afrique","potentialAction":[{"@type":"SearchAction","target":{"@type":"EntryPoint","urlTemplate":"https:\/\/www.one.org\/africa\/fr\/?s={search_term_string}"},"query-input":{"@type":"PropertyValueSpecification","valueRequired":true,"valueName":"search_term_string"}}],"inLanguage":"fr-FR"},{"@type":"Person","@id":"https:\/\/www.one.org\/africa\/fr\/#\/schema\/person\/236ef43a079c36667c3f1de2da8e0838","name":"admin","image":{"@type":"ImageObject","inLanguage":"fr-FR","@id":"https:\/\/www.one.org\/africa\/fr\/#\/schema\/person\/image\/","url":"https:\/\/secure.gravatar.com\/avatar\/2b4204681b789d34ede86a735f8b6378df901f7f7ab7a9ca89af4670b2bb13b8?s=96&d=mm&r=g","contentUrl":"https:\/\/secure.gravatar.com\/avatar\/2b4204681b789d34ede86a735f8b6378df901f7f7ab7a9ca89af4670b2bb13b8?s=96&d=mm&r=g","caption":"admin"},"sameAs":["http:\/\/www.one.org"],"url":"https:\/\/www.one.org\/africa\/fr\/stories\/author\/admin\/"}]}},"distributor_meta":false,"distributor_terms":false,"distributor_media":false,"distributor_original_site_name":"ONE.org Africa","distributor_original_site_url":"https:\/\/www.one.org\/africa\/fr\/","push-errors":false,"_links":{"self":[{"href":"https:\/\/www.one.org\/africa\/fr\/wp-json\/wp\/v2\/posts\/162117","targetHints":{"allow":["GET"]}}],"collection":[{"href":"https:\/\/www.one.org\/africa\/fr\/wp-json\/wp\/v2\/posts"}],"about":[{"href":"https:\/\/www.one.org\/africa\/fr\/wp-json\/wp\/v2\/types\/post"}],"author":[{"embeddable":true,"href":"https:\/\/www.one.org\/africa\/fr\/wp-json\/wp\/v2\/users\/1"}],"replies":[{"embeddable":true,"href":"https:\/\/www.one.org\/africa\/fr\/wp-json\/wp\/v2\/comments?post=162117"}],"version-history":[{"count":0,"href":"https:\/\/www.one.org\/africa\/fr\/wp-json\/wp\/v2\/posts\/162117\/revisions"}],"wp:featuredmedia":[{"embeddable":true,"href":"https:\/\/www.one.org\/africa\/fr\/wp-json\/wp\/v2\/media\/163402"}],"wp:attachment":[{"href":"https:\/\/www.one.org\/africa\/fr\/wp-json\/wp\/v2\/media?parent=162117"}],"wp:term":[{"taxonomy":"category","embeddable":true,"href":"https:\/\/www.one.org\/africa\/fr\/wp-json\/wp\/v2\/categories?post=162117"},{"taxonomy":"post_tag","embeddable":true,"href":"https:\/\/www.one.org\/africa\/fr\/wp-json\/wp\/v2\/tags?post=162117"},{"taxonomy":"topic","embeddable":true,"href":"https:\/\/www.one.org\/africa\/fr\/wp-json\/wp\/v2\/topic?post=162117"},{"taxonomy":"contributor","embeddable":true,"href":"https:\/\/www.one.org\/africa\/fr\/wp-json\/wp\/v2\/contributor?post=162117"},{"taxonomy":"one_content_audience","embeddable":true,"href":"https:\/\/www.one.org\/africa\/fr\/wp-json\/wp\/v2\/one_content_audience?post=162117"},{"taxonomy":"one_content_type","embeddable":true,"href":"https:\/\/www.one.org\/africa\/fr\/wp-json\/wp\/v2\/one_content_type?post=162117"},{"taxonomy":"one_content_tone","embeddable":true,"href":"https:\/\/www.one.org\/africa\/fr\/wp-json\/wp\/v2\/one_content_tone?post=162117"}],"curies":[{"name":"wp","href":"https:\/\/api.w.org\/{rel}","templated":true}]}}