{"id":162116,"date":"2021-03-26T13:52:38","date_gmt":"2021-03-26T13:52:38","guid":{"rendered":"https:\/\/www.one.org\/africa\/pandemica-un-monde-dans-lequel-la-pandemie-ne-touche-jamais-a-sa-fin\/"},"modified":"2023-09-12T11:20:27","modified_gmt":"2023-09-12T11:20:27","slug":"pandemica-un-monde-dans-lequel-la-pandemie-ne-touche-jamais-a-sa-fin","status":"publish","type":"post","link":"https:\/\/www.one.org\/africa\/fr\/stories\/pandemica-un-monde-dans-lequel-la-pandemie-ne-touche-jamais-a-sa-fin\/","title":{"rendered":"Pandemica : un monde dans lequel la pand\u00e9mie ne touche jamais \u00e0 sa fin"},"content":{"rendered":"<p><span style=\"font-weight: 400\">Bienvenue &agrave; Pandemica. Un enfer pand&eacute;mique sans fin, o&ugrave; l&rsquo;on ne vient jamais &agrave; bout du COVID-19 car le virus continue de muter et de traverser les fronti&egrave;res. Pandemica est l&rsquo;endroit le plus meurtrier de la plan&egrave;te&nbsp;: deux fois plus de personnes y meurent, l&rsquo;&eacute;conomie mondiale perd 9 200 milliards de dollars suppl&eacute;mentaires et la vie telle que nous l&rsquo;avons connue n&rsquo;est plus qu&rsquo;un lointain souvenir. &Ccedil;a vous parle ?&nbsp;<\/span><\/p>\n<p><span style=\"font-weight: 400\">Nous nous trouvons toutes et tous &agrave; cet endroit, &agrave; Pandemica. Nous avons les moyens de nous en sortir, mais pour cela nous devons agir maintenant. Seulement un an apr&egrave;s les premiers cas signal&eacute;s de COVID-19, nous disposons d&eacute;j&agrave; de vaccins s&ucirc;rs et efficaces, et c&rsquo;est une r&eacute;ussite scientifique historique. Mais sans un vaccin accessible &agrave; tous, le virus reste un danger pour tous.&nbsp;<\/span><\/p>\n<p><b>Qu&rsquo;est-ce que &ldquo;Pandemica&rdquo; ?&nbsp;<\/b><\/p>\n<p><span style=\"font-weight: 400\">&ldquo;Pandemica&rdquo; est une nouvelle s&eacute;rie anim&eacute;e imagin&eacute;e par ONE afin de sensibiliser et expliquer la n&eacute;cessit&eacute; d&rsquo;un acheminement le plus rapide possible des vaccins, partout dans le monde. Pandemica nous fait entrer dans un monde anim&eacute; et rempli de multiples cr&eacute;atures et autres bestioles qui vivent dans un enfer pand&eacute;mique, celui du COVID-19, refl&eacute;tant ainsi la r&eacute;alit&eacute; des personnes vivant dans les pays &agrave; faible revenu et qui attendent encore d&rsquo;avoir acc&egrave;s au vaccin contre le COVID-19.&nbsp;<\/span><\/p>\n<p><a href=\"https:\/\/www.youtube.com\/playlist?list=PLc3tHgIoxcC0Q_Y_tVWSKYZu9bebYtIqV\"><span style=\"font-weight: 400\">Regardez les &eacute;pisodes maintenant pour d&eacute;couvrir pourquoi Pandemica repr&eacute;sente r&eacute;ellement un enfer sur Terre<\/span><\/a><span style=\"font-weight: 400\">.<\/span><\/p>\n<p><span style=\"font-weight: 400\">Vous y reconna&icirc;trez peut-&ecirc;tre les illustrations de l&rsquo;artiste Andrew Rae ainsi que les voix off de c&eacute;l&eacute;brit&eacute;s telles que Virginie Efira, T&eacute;t&eacute; ou Samuel Arnold. Nous avons &eacute;galement fait de nouveau appel &agrave; des c&eacute;l&eacute;brit&eacute;s qui ont <\/span><a href=\"https:\/\/www.one.org\/fr\/agir\/oneworld\/passthemic\/\"><span style=\"font-weight: 400\">d&eacute;j&agrave; soutenu nos actions par le pass&eacute;<\/span><\/a><span style=\"font-weight: 400\">, telles que D&eacute;borah Fran&ccedil;ois, le cofondateur de ONE, Bono, ou encore Pen&eacute;lope Cruz, Danai Gurira, David Oyelowo et bien d&rsquo;autres. La s&eacute;rie rappelle ainsi que nous devons toutes et tous soutenir les efforts visant &agrave; distribuer les vaccins de mani&egrave;re &eacute;quitable, partout dans le monde.&nbsp;<\/span><\/p>\n<p><b>Vivre &agrave; Pandemica, &ccedil;a ressemble &agrave; quoi ?<\/b><\/p>\n<p><span style=\"font-weight: 400\">Certes, Pandemica est un endroit fictif, mais pour des milliards de personnes, cette fiction est bien une r&eacute;alit&eacute;. <\/span><span style=\"font-weight: 400\">&Agrave; l&rsquo;heure actuelle, alors qu&rsquo;une petite poign&eacute;e de pays dispose d&rsquo;un surplus &eacute;norme de vaccins &ndash; un milliard de plus que n&eacute;cessaire pour vacciner la totalit&eacute; de leur population &ndash; moins d&rsquo;1% des doses administr&eacute;es dans le monde l&rsquo;ont &eacute;t&eacute; dans les pays &agrave; faible revenu.<\/span><\/p>\n<p><span style=\"font-weight: 400\">Cet accaparement des vaccins par les pays &agrave; revenu &eacute;lev&eacute; est loin d&rsquo;&ecirc;tre sans cons&eacute;quences&nbsp;: si l&rsquo;on continue &agrave; ce rythme-l&agrave;, c&rsquo;est plus de 60% de la population mondiale &ndash; soit 4,68 milliards de personnes &ndash; qui n&rsquo;aura pas acc&egrave;s au vaccin contre le COVID-19 avant 2022 ou m&ecirc;me plus tard.<\/span><\/p>\n<p><span style=\"font-weight: 400\">Et nous aurions tort de penser que vivre dans un pays o&ugrave; l&rsquo;on peut se faire vacciner nous prot&egrave;ge et nous met en s&eacute;curit&eacute;. Il existe plus de 4 000 variants au COVID-19 et certaines souches sont plus contagieuses que d&rsquo;autres. Plus nous laissons le virus se d&eacute;velopper partout dans le monde, plus il peut muter et nous faire courir le danger de basculer vers un monde qui ressemblerait &agrave; Pandemica.&nbsp;<\/span><\/p>\n<p><span style=\"font-weight: 400\">Vivre dans un monde tel que Pandemica aurait &eacute;galement un co&ucirc;t tr&egrave;s &eacute;lev&eacute;, et ce quel que soit l&rsquo;endroit o&ugrave; l&rsquo;on vit. En effet, une distribution in&eacute;gale et in&eacute;quitable des vaccins co&ucirc;te &agrave; l&rsquo;&eacute;conomie mondiale 9 200 milliards de dollars. Et ce qu&rsquo;il faut savoir, c&rsquo;est que si les pays &agrave; faible revenu sont exclus d&egrave;s le d&eacute;part des d&eacute;cisions concernant l&rsquo;acc&egrave;s aux vaccins, ce sont principalement les &eacute;conomies des pays &agrave; revenu &eacute;lev&eacute; qui en p&acirc;tiront puisque ces derniers devront alors supporter 75% de la perte &eacute;conomique au niveau mondial.&nbsp;&nbsp;<\/span><\/p>\n<p><b>Comment &eacute;viter &agrave; tout prix Pandemica ?<\/b><\/p>\n<p><span style=\"font-weight: 400\">La pand&eacute;mie ne prendra fin que lorsque les personnes qui ont le plus besoin du vaccin pourront y avoir acc&egrave;s, et ce quel que soit l&rsquo;endroit o&ugrave; elles vivent.&nbsp;<\/span><\/p>\n<p><span style=\"font-weight: 400\">Si les pays riches continuent &agrave; se ruer sur les premi&egrave;res doses de vaccins mises sur le march&eacute; et &agrave; emp&ecirc;cher leur distribution &eacute;quitable partout dans le monde, la pand&eacute;mie durera in&eacute;vitablement beaucoup plus longtemps. Le virus pourra alors prosp&eacute;rer, muter et continuer &agrave; se propager au-del&agrave; des fronti&egrave;res, et ainsi continuer &agrave; nous menacer, toutes et tous. C&rsquo;est d&rsquo;un plan mondial de distribution des vaccins dont nous avons plut&ocirc;t besoin.<\/span><\/p>\n<p><a href=\"https:\/\/www.youtube.com\/playlist?list=PLc3tHgIoxcC0Q_Y_tVWSKYZu9bebYtIqV\"><i><span style=\"font-weight: 400\">Regardez et partagez Pandemica !<\/span><\/i><\/a><\/p>\n<div class=\"buffer\"><\/div>","protected":false},"excerpt":{"rendered":"<p>Bienvenue &agrave; Pandemica. Un enfer pand&eacute;mique sans fin, o&ugrave; l&rsquo;on ne vient jamais &agrave; bout du COVID-19 car le virus continue de muter et de traverser les fronti&egrave;res. Pandemica est l&rsquo;endroit le plus meurtrier de la plan&egrave;te&nbsp;: deux fois plus de personnes y meurent, l&rsquo;&eacute;conomie mondiale perd 9 200 milliards de dollars suppl&eacute;mentaires et la [&hellip;]<\/p>\n","protected":false},"author":1,"featured_media":163399,"comment_status":"open","ping_status":"open","sticky":false,"template":"","format":"standard","meta":{"_acf_changed":false,"_relevanssi_hide_post":"","_relevanssi_hide_content":"","_relevanssi_pin_for_all":"","_relevanssi_pin_keywords":"","_relevanssi_unpin_keywords":"","_relevanssi_related_keywords":"","_relevanssi_related_include_ids":"","_relevanssi_related_exclude_ids":"","_relevanssi_related_no_append":"","_relevanssi_related_not_related":"","_relevanssi_related_posts":"","_relevanssi_noindex_reason":"","footnotes":""},"categories":[1],"tags":[],"topic":[248],"contributor":[280],"one_content_audience":[],"one_content_type":[],"one_content_tone":[],"class_list":["post-162116","post","type-post","status-publish","format-standard","has-post-thumbnail","hentry","category-uncategorized","topic-sante","contributor-one-campaign-fr"],"acf":[],"yoast_head":"<!-- This site is optimized with the Yoast SEO Premium plugin v27.1 (Yoast SEO v27.1.1) - https:\/\/yoast.com\/product\/yoast-seo-premium-wordpress\/ -->\n<title>Pandemica : un monde dans lequel la pand\u00e9mie ne touche jamais \u00e0 sa fin - ONE.org Africa<\/title>\n<meta name=\"robots\" content=\"index, follow, max-snippet:-1, max-image-preview:large, max-video-preview:-1\" \/>\n<link rel=\"canonical\" href=\"https:\/\/www.one.org\/africa\/fr\/stories\/pandemica-un-monde-dans-lequel-la-pandemie-ne-touche-jamais-a-sa-fin\/\" \/>\n<meta property=\"og:locale\" content=\"fr_FR\" \/>\n<meta property=\"og:type\" content=\"article\" \/>\n<meta property=\"og:title\" content=\"Pandemica : un monde dans lequel la pand\u00e9mie ne touche jamais \u00e0 sa fin\" \/>\n<meta property=\"og:description\" content=\"Bienvenue &agrave; Pandemica. Un enfer pand&eacute;mique sans fin, o&ugrave; l&rsquo;on ne vient jamais &agrave; bout du COVID-19 car le virus continue de muter et de traverser les fronti&egrave;res. Pandemica est l&rsquo;endroit le plus meurtrier de la plan&egrave;te&nbsp;: deux fois plus de personnes y meurent, l&rsquo;&eacute;conomie mondiale perd 9 200 milliards de dollars suppl&eacute;mentaires et la [&hellip;]\" \/>\n<meta property=\"og:url\" content=\"https:\/\/www.one.org\/africa\/fr\/stories\/pandemica-un-monde-dans-lequel-la-pandemie-ne-touche-jamais-a-sa-fin\/\" \/>\n<meta property=\"og:site_name\" content=\"ONE.org Africa\" \/>\n<meta property=\"article:publisher\" content=\"https:\/\/www.facebook.com\/ONEinAfrica\" \/>\n<meta property=\"article:published_time\" content=\"2021-03-26T13:52:38+00:00\" \/>\n<meta property=\"article:modified_time\" content=\"2023-09-12T11:20:27+00:00\" \/>\n<meta property=\"og:image\" content=\"https:\/\/www.one.org\/africa\/wp-content\/uploads\/sites\/5\/2021\/03\/Pandemica_blog_1080x1080_v1-1.png\" \/>\n\t<meta property=\"og:image:width\" content=\"1080\" \/>\n\t<meta property=\"og:image:height\" content=\"1080\" \/>\n\t<meta property=\"og:image:type\" content=\"image\/png\" \/>\n<meta name=\"author\" content=\"admin\" \/>\n<meta name=\"twitter:card\" content=\"summary_large_image\" \/>\n<meta name=\"twitter:creator\" content=\"@ONEinAfrica\" \/>\n<meta name=\"twitter:site\" content=\"@ONEinAfrica\" \/>\n<meta name=\"twitter:label1\" content=\"Written by\" \/>\n\t<meta name=\"twitter:data1\" content=\"admin\" \/>\n\t<meta name=\"twitter:label2\" content=\"Est. reading time\" \/>\n\t<meta name=\"twitter:data2\" content=\"5 minutes\" \/>\n<script type=\"application\/ld+json\" class=\"yoast-schema-graph\">{\"@context\":\"https:\/\/schema.org\",\"@graph\":[{\"@type\":\"Article\",\"@id\":\"https:\/\/www.one.org\/africa\/fr\/stories\/pandemica-un-monde-dans-lequel-la-pandemie-ne-touche-jamais-a-sa-fin\/#article\",\"isPartOf\":{\"@id\":\"https:\/\/www.one.org\/africa\/fr\/stories\/pandemica-un-monde-dans-lequel-la-pandemie-ne-touche-jamais-a-sa-fin\/\"},\"author\":{\"name\":\"admin\",\"@id\":\"https:\/\/www.one.org\/africa\/fr\/#\/schema\/person\/236ef43a079c36667c3f1de2da8e0838\"},\"headline\":\"Pandemica : un monde dans lequel la pand\u00e9mie ne touche jamais \u00e0 sa fin\",\"datePublished\":\"2021-03-26T13:52:38+00:00\",\"dateModified\":\"2023-09-12T11:20:27+00:00\",\"mainEntityOfPage\":{\"@id\":\"https:\/\/www.one.org\/africa\/fr\/stories\/pandemica-un-monde-dans-lequel-la-pandemie-ne-touche-jamais-a-sa-fin\/\"},\"wordCount\":960,\"commentCount\":0,\"image\":{\"@id\":\"https:\/\/www.one.org\/africa\/fr\/stories\/pandemica-un-monde-dans-lequel-la-pandemie-ne-touche-jamais-a-sa-fin\/#primaryimage\"},\"thumbnailUrl\":\"https:\/\/www.one.org\/africa\/wp-content\/uploads\/sites\/5\/2021\/03\/Pandemica_blog_1080x1080_v1-1.png\",\"inLanguage\":\"fr-FR\",\"potentialAction\":[{\"@type\":\"CommentAction\",\"name\":\"Comment\",\"target\":[\"https:\/\/www.one.org\/africa\/fr\/stories\/pandemica-un-monde-dans-lequel-la-pandemie-ne-touche-jamais-a-sa-fin\/#respond\"]}]},{\"@type\":\"WebPage\",\"@id\":\"https:\/\/www.one.org\/africa\/fr\/stories\/pandemica-un-monde-dans-lequel-la-pandemie-ne-touche-jamais-a-sa-fin\/\",\"url\":\"https:\/\/www.one.org\/africa\/fr\/stories\/pandemica-un-monde-dans-lequel-la-pandemie-ne-touche-jamais-a-sa-fin\/\",\"name\":\"Pandemica : un monde dans lequel la pand\u00e9mie ne touche jamais \u00e0 sa fin - ONE.org Africa\",\"isPartOf\":{\"@id\":\"https:\/\/www.one.org\/africa\/fr\/#website\"},\"primaryImageOfPage\":{\"@id\":\"https:\/\/www.one.org\/africa\/fr\/stories\/pandemica-un-monde-dans-lequel-la-pandemie-ne-touche-jamais-a-sa-fin\/#primaryimage\"},\"image\":{\"@id\":\"https:\/\/www.one.org\/africa\/fr\/stories\/pandemica-un-monde-dans-lequel-la-pandemie-ne-touche-jamais-a-sa-fin\/#primaryimage\"},\"thumbnailUrl\":\"https:\/\/www.one.org\/africa\/wp-content\/uploads\/sites\/5\/2021\/03\/Pandemica_blog_1080x1080_v1-1.png\",\"datePublished\":\"2021-03-26T13:52:38+00:00\",\"dateModified\":\"2023-09-12T11:20:27+00:00\",\"author\":{\"@id\":\"https:\/\/www.one.org\/africa\/fr\/#\/schema\/person\/236ef43a079c36667c3f1de2da8e0838\"},\"breadcrumb\":{\"@id\":\"https:\/\/www.one.org\/africa\/fr\/stories\/pandemica-un-monde-dans-lequel-la-pandemie-ne-touche-jamais-a-sa-fin\/#breadcrumb\"},\"inLanguage\":\"fr-FR\",\"potentialAction\":[{\"@type\":\"ReadAction\",\"target\":[\"https:\/\/www.one.org\/africa\/fr\/stories\/pandemica-un-monde-dans-lequel-la-pandemie-ne-touche-jamais-a-sa-fin\/\"]}]},{\"@type\":\"ImageObject\",\"inLanguage\":\"fr-FR\",\"@id\":\"https:\/\/www.one.org\/africa\/fr\/stories\/pandemica-un-monde-dans-lequel-la-pandemie-ne-touche-jamais-a-sa-fin\/#primaryimage\",\"url\":\"https:\/\/www.one.org\/africa\/wp-content\/uploads\/sites\/5\/2021\/03\/Pandemica_blog_1080x1080_v1-1.png\",\"contentUrl\":\"https:\/\/www.one.org\/africa\/wp-content\/uploads\/sites\/5\/2021\/03\/Pandemica_blog_1080x1080_v1-1.png\",\"width\":1080,\"height\":1080},{\"@type\":\"BreadcrumbList\",\"@id\":\"https:\/\/www.one.org\/africa\/fr\/stories\/pandemica-un-monde-dans-lequel-la-pandemie-ne-touche-jamais-a-sa-fin\/#breadcrumb\",\"itemListElement\":[{\"@type\":\"ListItem\",\"position\":1,\"name\":\"Home\",\"item\":\"https:\/\/www.one.org\/africa\/fr\/\"},{\"@type\":\"ListItem\",\"position\":2,\"name\":\"Pandemica : un monde dans lequel la pand\u00e9mie ne touche jamais \u00e0 sa fin\"}]},{\"@type\":\"WebSite\",\"@id\":\"https:\/\/www.one.org\/africa\/fr\/#website\",\"url\":\"https:\/\/www.one.org\/africa\/fr\/\",\"name\":\"ONE.org\",\"description\":\"Cr\u00e9er des opportunit\u00e9s \u00e9conomiques et am\u00e9liorer la sant\u00e9 en Afrique\",\"potentialAction\":[{\"@type\":\"SearchAction\",\"target\":{\"@type\":\"EntryPoint\",\"urlTemplate\":\"https:\/\/www.one.org\/africa\/fr\/?s={search_term_string}\"},\"query-input\":{\"@type\":\"PropertyValueSpecification\",\"valueRequired\":true,\"valueName\":\"search_term_string\"}}],\"inLanguage\":\"fr-FR\"},{\"@type\":\"Person\",\"@id\":\"https:\/\/www.one.org\/africa\/fr\/#\/schema\/person\/236ef43a079c36667c3f1de2da8e0838\",\"name\":\"admin\",\"image\":{\"@type\":\"ImageObject\",\"inLanguage\":\"fr-FR\",\"@id\":\"https:\/\/www.one.org\/africa\/fr\/#\/schema\/person\/image\/\",\"url\":\"https:\/\/secure.gravatar.com\/avatar\/2b4204681b789d34ede86a735f8b6378df901f7f7ab7a9ca89af4670b2bb13b8?s=96&d=mm&r=g\",\"contentUrl\":\"https:\/\/secure.gravatar.com\/avatar\/2b4204681b789d34ede86a735f8b6378df901f7f7ab7a9ca89af4670b2bb13b8?s=96&d=mm&r=g\",\"caption\":\"admin\"},\"sameAs\":[\"http:\/\/www.one.org\"],\"url\":\"https:\/\/www.one.org\/africa\/fr\/stories\/author\/admin\/\"}]}<\/script>\n<!-- \/ Yoast SEO Premium plugin. -->","yoast_head_json":{"title":"Pandemica : un monde dans lequel la pand\u00e9mie ne touche jamais \u00e0 sa fin - ONE.org Africa","robots":{"index":"index","follow":"follow","max-snippet":"max-snippet:-1","max-image-preview":"max-image-preview:large","max-video-preview":"max-video-preview:-1"},"canonical":"https:\/\/www.one.org\/africa\/fr\/stories\/pandemica-un-monde-dans-lequel-la-pandemie-ne-touche-jamais-a-sa-fin\/","og_locale":"fr_FR","og_type":"article","og_title":"Pandemica : un monde dans lequel la pand\u00e9mie ne touche jamais \u00e0 sa fin","og_description":"Bienvenue &agrave; Pandemica. Un enfer pand&eacute;mique sans fin, o&ugrave; l&rsquo;on ne vient jamais &agrave; bout du COVID-19 car le virus continue de muter et de traverser les fronti&egrave;res. Pandemica est l&rsquo;endroit le plus meurtrier de la plan&egrave;te&nbsp;: deux fois plus de personnes y meurent, l&rsquo;&eacute;conomie mondiale perd 9 200 milliards de dollars suppl&eacute;mentaires et la [&hellip;]","og_url":"https:\/\/www.one.org\/africa\/fr\/stories\/pandemica-un-monde-dans-lequel-la-pandemie-ne-touche-jamais-a-sa-fin\/","og_site_name":"ONE.org Africa","article_publisher":"https:\/\/www.facebook.com\/ONEinAfrica","article_published_time":"2021-03-26T13:52:38+00:00","article_modified_time":"2023-09-12T11:20:27+00:00","og_image":[{"width":1080,"height":1080,"url":"https:\/\/www.one.org\/africa\/wp-content\/uploads\/sites\/5\/2021\/03\/Pandemica_blog_1080x1080_v1-1.png","type":"image\/png"}],"author":"admin","twitter_card":"summary_large_image","twitter_creator":"@ONEinAfrica","twitter_site":"@ONEinAfrica","twitter_misc":{"Written by":"admin","Est. reading time":"5 minutes"},"schema":{"@context":"https:\/\/schema.org","@graph":[{"@type":"Article","@id":"https:\/\/www.one.org\/africa\/fr\/stories\/pandemica-un-monde-dans-lequel-la-pandemie-ne-touche-jamais-a-sa-fin\/#article","isPartOf":{"@id":"https:\/\/www.one.org\/africa\/fr\/stories\/pandemica-un-monde-dans-lequel-la-pandemie-ne-touche-jamais-a-sa-fin\/"},"author":{"name":"admin","@id":"https:\/\/www.one.org\/africa\/fr\/#\/schema\/person\/236ef43a079c36667c3f1de2da8e0838"},"headline":"Pandemica : un monde dans lequel la pand\u00e9mie ne touche jamais \u00e0 sa fin","datePublished":"2021-03-26T13:52:38+00:00","dateModified":"2023-09-12T11:20:27+00:00","mainEntityOfPage":{"@id":"https:\/\/www.one.org\/africa\/fr\/stories\/pandemica-un-monde-dans-lequel-la-pandemie-ne-touche-jamais-a-sa-fin\/"},"wordCount":960,"commentCount":0,"image":{"@id":"https:\/\/www.one.org\/africa\/fr\/stories\/pandemica-un-monde-dans-lequel-la-pandemie-ne-touche-jamais-a-sa-fin\/#primaryimage"},"thumbnailUrl":"https:\/\/www.one.org\/africa\/wp-content\/uploads\/sites\/5\/2021\/03\/Pandemica_blog_1080x1080_v1-1.png","inLanguage":"fr-FR","potentialAction":[{"@type":"CommentAction","name":"Comment","target":["https:\/\/www.one.org\/africa\/fr\/stories\/pandemica-un-monde-dans-lequel-la-pandemie-ne-touche-jamais-a-sa-fin\/#respond"]}]},{"@type":"WebPage","@id":"https:\/\/www.one.org\/africa\/fr\/stories\/pandemica-un-monde-dans-lequel-la-pandemie-ne-touche-jamais-a-sa-fin\/","url":"https:\/\/www.one.org\/africa\/fr\/stories\/pandemica-un-monde-dans-lequel-la-pandemie-ne-touche-jamais-a-sa-fin\/","name":"Pandemica : un monde dans lequel la pand\u00e9mie ne touche jamais \u00e0 sa fin - ONE.org Africa","isPartOf":{"@id":"https:\/\/www.one.org\/africa\/fr\/#website"},"primaryImageOfPage":{"@id":"https:\/\/www.one.org\/africa\/fr\/stories\/pandemica-un-monde-dans-lequel-la-pandemie-ne-touche-jamais-a-sa-fin\/#primaryimage"},"image":{"@id":"https:\/\/www.one.org\/africa\/fr\/stories\/pandemica-un-monde-dans-lequel-la-pandemie-ne-touche-jamais-a-sa-fin\/#primaryimage"},"thumbnailUrl":"https:\/\/www.one.org\/africa\/wp-content\/uploads\/sites\/5\/2021\/03\/Pandemica_blog_1080x1080_v1-1.png","datePublished":"2021-03-26T13:52:38+00:00","dateModified":"2023-09-12T11:20:27+00:00","author":{"@id":"https:\/\/www.one.org\/africa\/fr\/#\/schema\/person\/236ef43a079c36667c3f1de2da8e0838"},"breadcrumb":{"@id":"https:\/\/www.one.org\/africa\/fr\/stories\/pandemica-un-monde-dans-lequel-la-pandemie-ne-touche-jamais-a-sa-fin\/#breadcrumb"},"inLanguage":"fr-FR","potentialAction":[{"@type":"ReadAction","target":["https:\/\/www.one.org\/africa\/fr\/stories\/pandemica-un-monde-dans-lequel-la-pandemie-ne-touche-jamais-a-sa-fin\/"]}]},{"@type":"ImageObject","inLanguage":"fr-FR","@id":"https:\/\/www.one.org\/africa\/fr\/stories\/pandemica-un-monde-dans-lequel-la-pandemie-ne-touche-jamais-a-sa-fin\/#primaryimage","url":"https:\/\/www.one.org\/africa\/wp-content\/uploads\/sites\/5\/2021\/03\/Pandemica_blog_1080x1080_v1-1.png","contentUrl":"https:\/\/www.one.org\/africa\/wp-content\/uploads\/sites\/5\/2021\/03\/Pandemica_blog_1080x1080_v1-1.png","width":1080,"height":1080},{"@type":"BreadcrumbList","@id":"https:\/\/www.one.org\/africa\/fr\/stories\/pandemica-un-monde-dans-lequel-la-pandemie-ne-touche-jamais-a-sa-fin\/#breadcrumb","itemListElement":[{"@type":"ListItem","position":1,"name":"Home","item":"https:\/\/www.one.org\/africa\/fr\/"},{"@type":"ListItem","position":2,"name":"Pandemica : un monde dans lequel la pand\u00e9mie ne touche jamais \u00e0 sa fin"}]},{"@type":"WebSite","@id":"https:\/\/www.one.org\/africa\/fr\/#website","url":"https:\/\/www.one.org\/africa\/fr\/","name":"ONE.org","description":"Cr\u00e9er des opportunit\u00e9s \u00e9conomiques et am\u00e9liorer la sant\u00e9 en Afrique","potentialAction":[{"@type":"SearchAction","target":{"@type":"EntryPoint","urlTemplate":"https:\/\/www.one.org\/africa\/fr\/?s={search_term_string}"},"query-input":{"@type":"PropertyValueSpecification","valueRequired":true,"valueName":"search_term_string"}}],"inLanguage":"fr-FR"},{"@type":"Person","@id":"https:\/\/www.one.org\/africa\/fr\/#\/schema\/person\/236ef43a079c36667c3f1de2da8e0838","name":"admin","image":{"@type":"ImageObject","inLanguage":"fr-FR","@id":"https:\/\/www.one.org\/africa\/fr\/#\/schema\/person\/image\/","url":"https:\/\/secure.gravatar.com\/avatar\/2b4204681b789d34ede86a735f8b6378df901f7f7ab7a9ca89af4670b2bb13b8?s=96&d=mm&r=g","contentUrl":"https:\/\/secure.gravatar.com\/avatar\/2b4204681b789d34ede86a735f8b6378df901f7f7ab7a9ca89af4670b2bb13b8?s=96&d=mm&r=g","caption":"admin"},"sameAs":["http:\/\/www.one.org"],"url":"https:\/\/www.one.org\/africa\/fr\/stories\/author\/admin\/"}]}},"distributor_meta":false,"distributor_terms":false,"distributor_media":false,"distributor_original_site_name":"ONE.org Africa","distributor_original_site_url":"https:\/\/www.one.org\/africa\/fr\/","push-errors":false,"_links":{"self":[{"href":"https:\/\/www.one.org\/africa\/fr\/wp-json\/wp\/v2\/posts\/162116","targetHints":{"allow":["GET"]}}],"collection":[{"href":"https:\/\/www.one.org\/africa\/fr\/wp-json\/wp\/v2\/posts"}],"about":[{"href":"https:\/\/www.one.org\/africa\/fr\/wp-json\/wp\/v2\/types\/post"}],"author":[{"embeddable":true,"href":"https:\/\/www.one.org\/africa\/fr\/wp-json\/wp\/v2\/users\/1"}],"replies":[{"embeddable":true,"href":"https:\/\/www.one.org\/africa\/fr\/wp-json\/wp\/v2\/comments?post=162116"}],"version-history":[{"count":0,"href":"https:\/\/www.one.org\/africa\/fr\/wp-json\/wp\/v2\/posts\/162116\/revisions"}],"wp:featuredmedia":[{"embeddable":true,"href":"https:\/\/www.one.org\/africa\/fr\/wp-json\/wp\/v2\/media\/163399"}],"wp:attachment":[{"href":"https:\/\/www.one.org\/africa\/fr\/wp-json\/wp\/v2\/media?parent=162116"}],"wp:term":[{"taxonomy":"category","embeddable":true,"href":"https:\/\/www.one.org\/africa\/fr\/wp-json\/wp\/v2\/categories?post=162116"},{"taxonomy":"post_tag","embeddable":true,"href":"https:\/\/www.one.org\/africa\/fr\/wp-json\/wp\/v2\/tags?post=162116"},{"taxonomy":"topic","embeddable":true,"href":"https:\/\/www.one.org\/africa\/fr\/wp-json\/wp\/v2\/topic?post=162116"},{"taxonomy":"contributor","embeddable":true,"href":"https:\/\/www.one.org\/africa\/fr\/wp-json\/wp\/v2\/contributor?post=162116"},{"taxonomy":"one_content_audience","embeddable":true,"href":"https:\/\/www.one.org\/africa\/fr\/wp-json\/wp\/v2\/one_content_audience?post=162116"},{"taxonomy":"one_content_type","embeddable":true,"href":"https:\/\/www.one.org\/africa\/fr\/wp-json\/wp\/v2\/one_content_type?post=162116"},{"taxonomy":"one_content_tone","embeddable":true,"href":"https:\/\/www.one.org\/africa\/fr\/wp-json\/wp\/v2\/one_content_tone?post=162116"}],"curies":[{"name":"wp","href":"https:\/\/api.w.org\/{rel}","templated":true}]}}