{"id":162111,"date":"2020-07-28T16:52:26","date_gmt":"2020-07-28T16:52:26","guid":{"rendered":"https:\/\/www.one.org\/africa\/les-artistes-africains-sunissent-dans-le-nouvel-hymne-a-la-solidarite\/"},"modified":"2023-09-12T11:30:24","modified_gmt":"2023-09-12T11:30:24","slug":"les-artistes-africains-sunissent-dans-le-nouvel-hymne-a-la-solidarite-en-temps-de-pandemie","status":"publish","type":"post","link":"https:\/\/www.one.org\/africa\/fr\/stories\/les-artistes-africains-sunissent-dans-le-nouvel-hymne-a-la-solidarite-en-temps-de-pandemie\/","title":{"rendered":"Les artistes africains s\u2019unissent dans le nouvel hymne \u00e0 la solidarit\u00e9."},"content":{"rendered":"<p><span style=\"font-weight: 400\">ONE Campaign et 10 des plus grandes stars de la musique africaine se sont r&eacute;unis pour produire une chanson appelant le monde &agrave; se solidariser pour lutter contre COVID-19.<\/span><\/p>\n<p><span style=\"font-weight: 400\">En partenariat avec la Fondation Nelson Mandela et MTV Base, &ldquo;Stand Together&rdquo; est un hymne de solidarit&eacute; mettant en sc&egrave;ne de grandes stars de la musique africaine : 2Baba, Ahmed Soultan, Ben Pol, Teni, Yemi Alade, Amanda Black, Stanley Enow, Gigi La Mayne, Prodigio et Betty G.<\/span><\/p>\n<p><span style=\"font-weight: 400\">La chanson a &eacute;t&eacute; produite par le producteur nig&eacute;rian Cobhams Asuquo et les artistes r&eacute;unis sous le nom collectif &ldquo;African Artists Unite&rdquo; repr&eacute;sentent de nombreuses r&eacute;gions du continent, notamment le Nigeria, la Tanzanie, l&rsquo;Afrique du Sud, le Cameroun, l&rsquo;Angola, l&rsquo;&Eacute;thiopie et le Maroc.<\/span><\/p>\n<\/p>\n<p><span style=\"font-weight: 400\">&ldquo;Les chansons comme celle-ci sont particuli&egrave;res car rare, donc c&rsquo;est toujours une bouff&eacute;e d&rsquo;air frais lorsqu&rsquo;on les &eacute;coute&rdquo;, a d&eacute;clar&eacute; Yemi Alade.<\/span><\/p>\n<p><span style=\"font-weight: 400\">La chanson a &eacute;t&eacute; lanc&eacute;e lors de la conf&eacute;rence annuelle Nelson Mandela 2020 et a &eacute;t&eacute; accompagn&eacute;e de remarques du secr&eacute;taire g&eacute;n&eacute;ral des Nations unies, Ant&oacute;nio Guterres, sur le th&egrave;me de la lutte contre les in&eacute;galit&eacute;s en temps de COVID-19.<\/span><\/p>\n<p><span style=\"font-weight: 400\">&ldquo;C&rsquo;est une d&eacute;marche n&eacute;cessaire pour nous, en tant qu&rsquo;artistes, de nous unir et de faire davantage d&rsquo;activit&eacute;s comme celle-ci pour servir la communaut&eacute;&rdquo;, a d&eacute;clar&eacute; Ben Pol, artiste tanzanien.<\/span><\/p>\n<p><span style=\"font-weight: 400\">&ldquo;Notre travail consiste&hellip; &agrave; inspirer les populations, &agrave; les r&eacute;conforter et &agrave; leur faire comprendre que la solution est en nous. <\/span><span style=\"font-weight: 400\">Nous ne serons sauv&eacute;s que si nous sommes tous hors de danger.<\/span><span style=\"font-weight: 400\">&rdquo; a expliqu&eacute; Amanda Black.<\/span><\/p>\n<p><em><b>Rejoignez la campagne #ONEWorld et signez notre p&eacute;tition pour demander un plan mondial de r&eacute;ponse &agrave; la pand&eacute;mie.<\/b><\/em><\/p>\n<p><img decoding=\"async\" loading=\"lazy\" class=\"aligncenter size-large wp-image-153493\" src=\"https:\/\/cdn.one.org\/africa\/wp-content\/uploads\/2020\/07\/17215019\/Stand_Together_social2_1100x628-640x365.gif\" alt=\"\" width=\"593\" height=\"339\"><\/p>\n<p>&nbsp;<\/p>\n<div class=\"buffer\"><\/div>","protected":false},"excerpt":{"rendered":"<p>ONE Campaign et 10 des plus grandes stars de la musique africaine se sont r&eacute;unis pour produire une chanson appelant le monde &agrave; se solidariser pour lutter contre COVID-19. En partenariat avec la Fondation Nelson Mandela et MTV Base, &ldquo;Stand Together&rdquo; est un hymne de solidarit&eacute; mettant en sc&egrave;ne de grandes stars de la musique [&hellip;]<\/p>\n","protected":false},"author":1,"featured_media":163417,"comment_status":"open","ping_status":"open","sticky":false,"template":"","format":"standard","meta":{"_acf_changed":false,"_relevanssi_hide_post":"","_relevanssi_hide_content":"","_relevanssi_pin_for_all":"","_relevanssi_pin_keywords":"","_relevanssi_unpin_keywords":"","_relevanssi_related_keywords":"","_relevanssi_related_include_ids":"","_relevanssi_related_exclude_ids":"","_relevanssi_related_no_append":"","_relevanssi_related_not_related":"","_relevanssi_related_posts":"","_relevanssi_noindex_reason":"","footnotes":""},"categories":[1],"tags":[],"topic":[],"contributor":[280],"one_content_audience":[],"one_content_type":[],"one_content_tone":[],"class_list":["post-162111","post","type-post","status-publish","format-standard","has-post-thumbnail","hentry","category-uncategorized","contributor-one-campaign-fr"],"acf":[],"yoast_head":"<!-- This site is optimized with the Yoast SEO Premium plugin v27.1 (Yoast SEO v27.1.1) - https:\/\/yoast.com\/product\/yoast-seo-premium-wordpress\/ -->\n<title>Les artistes africains s\u2019unissent dans le nouvel hymne \u00e0 la solidarit\u00e9. - ONE.org Africa<\/title>\n<meta name=\"robots\" content=\"index, follow, max-snippet:-1, max-image-preview:large, max-video-preview:-1\" \/>\n<link rel=\"canonical\" href=\"https:\/\/www.one.org\/africa\/fr\/stories\/les-artistes-africains-sunissent-dans-le-nouvel-hymne-a-la-solidarite-en-temps-de-pandemie\/\" \/>\n<meta property=\"og:locale\" content=\"fr_FR\" \/>\n<meta property=\"og:type\" content=\"article\" \/>\n<meta property=\"og:title\" content=\"Les artistes africains s\u2019unissent dans le nouvel hymne \u00e0 la solidarit\u00e9.\" \/>\n<meta property=\"og:description\" content=\"ONE Campaign et 10 des plus grandes stars de la musique africaine se sont r&eacute;unis pour produire une chanson appelant le monde &agrave; se solidariser pour lutter contre COVID-19. En partenariat avec la Fondation Nelson Mandela et MTV Base, &ldquo;Stand Together&rdquo; est un hymne de solidarit&eacute; mettant en sc&egrave;ne de grandes stars de la musique [&hellip;]\" \/>\n<meta property=\"og:url\" content=\"https:\/\/www.one.org\/africa\/fr\/stories\/les-artistes-africains-sunissent-dans-le-nouvel-hymne-a-la-solidarite-en-temps-de-pandemie\/\" \/>\n<meta property=\"og:site_name\" content=\"ONE.org Africa\" \/>\n<meta property=\"article:publisher\" content=\"https:\/\/www.facebook.com\/ONEinAfrica\" \/>\n<meta property=\"article:published_time\" content=\"2020-07-28T16:52:26+00:00\" \/>\n<meta property=\"article:modified_time\" content=\"2023-09-12T11:30:24+00:00\" \/>\n<meta property=\"og:image\" content=\"https:\/\/www.one.org\/africa\/wp-content\/uploads\/sites\/5\/2020\/07\/Stand_Together_featured-1.jpeg\" \/>\n\t<meta property=\"og:image:width\" content=\"628\" \/>\n\t<meta property=\"og:image:height\" content=\"628\" \/>\n\t<meta property=\"og:image:type\" content=\"image\/jpeg\" \/>\n<meta name=\"author\" content=\"admin\" \/>\n<meta name=\"twitter:card\" content=\"summary_large_image\" \/>\n<meta name=\"twitter:creator\" content=\"@ONEinAfrica\" \/>\n<meta name=\"twitter:site\" content=\"@ONEinAfrica\" \/>\n<meta name=\"twitter:label1\" content=\"Written by\" \/>\n\t<meta name=\"twitter:data1\" content=\"admin\" \/>\n\t<meta name=\"twitter:label2\" content=\"Est. reading time\" \/>\n\t<meta name=\"twitter:data2\" content=\"2 minutes\" \/>\n<script type=\"application\/ld+json\" class=\"yoast-schema-graph\">{\"@context\":\"https:\/\/schema.org\",\"@graph\":[{\"@type\":\"Article\",\"@id\":\"https:\/\/www.one.org\/africa\/fr\/stories\/les-artistes-africains-sunissent-dans-le-nouvel-hymne-a-la-solidarite-en-temps-de-pandemie\/#article\",\"isPartOf\":{\"@id\":\"https:\/\/www.one.org\/africa\/fr\/stories\/les-artistes-africains-sunissent-dans-le-nouvel-hymne-a-la-solidarite-en-temps-de-pandemie\/\"},\"author\":{\"name\":\"admin\",\"@id\":\"https:\/\/www.one.org\/africa\/fr\/#\/schema\/person\/236ef43a079c36667c3f1de2da8e0838\"},\"headline\":\"Les artistes africains s\u2019unissent dans le nouvel hymne \u00e0 la solidarit\u00e9.\",\"datePublished\":\"2020-07-28T16:52:26+00:00\",\"dateModified\":\"2023-09-12T11:30:24+00:00\",\"mainEntityOfPage\":{\"@id\":\"https:\/\/www.one.org\/africa\/fr\/stories\/les-artistes-africains-sunissent-dans-le-nouvel-hymne-a-la-solidarite-en-temps-de-pandemie\/\"},\"wordCount\":372,\"commentCount\":0,\"image\":{\"@id\":\"https:\/\/www.one.org\/africa\/fr\/stories\/les-artistes-africains-sunissent-dans-le-nouvel-hymne-a-la-solidarite-en-temps-de-pandemie\/#primaryimage\"},\"thumbnailUrl\":\"https:\/\/www.one.org\/africa\/wp-content\/uploads\/sites\/5\/2020\/07\/Stand_Together_featured-1.jpeg\",\"inLanguage\":\"fr-FR\",\"potentialAction\":[{\"@type\":\"CommentAction\",\"name\":\"Comment\",\"target\":[\"https:\/\/www.one.org\/africa\/fr\/stories\/les-artistes-africains-sunissent-dans-le-nouvel-hymne-a-la-solidarite-en-temps-de-pandemie\/#respond\"]}]},{\"@type\":\"WebPage\",\"@id\":\"https:\/\/www.one.org\/africa\/fr\/stories\/les-artistes-africains-sunissent-dans-le-nouvel-hymne-a-la-solidarite-en-temps-de-pandemie\/\",\"url\":\"https:\/\/www.one.org\/africa\/fr\/stories\/les-artistes-africains-sunissent-dans-le-nouvel-hymne-a-la-solidarite-en-temps-de-pandemie\/\",\"name\":\"Les artistes africains s\u2019unissent dans le nouvel hymne \u00e0 la solidarit\u00e9. - ONE.org Africa\",\"isPartOf\":{\"@id\":\"https:\/\/www.one.org\/africa\/fr\/#website\"},\"primaryImageOfPage\":{\"@id\":\"https:\/\/www.one.org\/africa\/fr\/stories\/les-artistes-africains-sunissent-dans-le-nouvel-hymne-a-la-solidarite-en-temps-de-pandemie\/#primaryimage\"},\"image\":{\"@id\":\"https:\/\/www.one.org\/africa\/fr\/stories\/les-artistes-africains-sunissent-dans-le-nouvel-hymne-a-la-solidarite-en-temps-de-pandemie\/#primaryimage\"},\"thumbnailUrl\":\"https:\/\/www.one.org\/africa\/wp-content\/uploads\/sites\/5\/2020\/07\/Stand_Together_featured-1.jpeg\",\"datePublished\":\"2020-07-28T16:52:26+00:00\",\"dateModified\":\"2023-09-12T11:30:24+00:00\",\"author\":{\"@id\":\"https:\/\/www.one.org\/africa\/fr\/#\/schema\/person\/236ef43a079c36667c3f1de2da8e0838\"},\"breadcrumb\":{\"@id\":\"https:\/\/www.one.org\/africa\/fr\/stories\/les-artistes-africains-sunissent-dans-le-nouvel-hymne-a-la-solidarite-en-temps-de-pandemie\/#breadcrumb\"},\"inLanguage\":\"fr-FR\",\"potentialAction\":[{\"@type\":\"ReadAction\",\"target\":[\"https:\/\/www.one.org\/africa\/fr\/stories\/les-artistes-africains-sunissent-dans-le-nouvel-hymne-a-la-solidarite-en-temps-de-pandemie\/\"]}]},{\"@type\":\"ImageObject\",\"inLanguage\":\"fr-FR\",\"@id\":\"https:\/\/www.one.org\/africa\/fr\/stories\/les-artistes-africains-sunissent-dans-le-nouvel-hymne-a-la-solidarite-en-temps-de-pandemie\/#primaryimage\",\"url\":\"https:\/\/www.one.org\/africa\/wp-content\/uploads\/sites\/5\/2020\/07\/Stand_Together_featured-1.jpeg\",\"contentUrl\":\"https:\/\/www.one.org\/africa\/wp-content\/uploads\/sites\/5\/2020\/07\/Stand_Together_featured-1.jpeg\",\"width\":628,\"height\":628},{\"@type\":\"BreadcrumbList\",\"@id\":\"https:\/\/www.one.org\/africa\/fr\/stories\/les-artistes-africains-sunissent-dans-le-nouvel-hymne-a-la-solidarite-en-temps-de-pandemie\/#breadcrumb\",\"itemListElement\":[{\"@type\":\"ListItem\",\"position\":1,\"name\":\"Home\",\"item\":\"https:\/\/www.one.org\/africa\/fr\/\"},{\"@type\":\"ListItem\",\"position\":2,\"name\":\"Les artistes africains s\u2019unissent dans le nouvel hymne \u00e0 la solidarit\u00e9.\"}]},{\"@type\":\"WebSite\",\"@id\":\"https:\/\/www.one.org\/africa\/fr\/#website\",\"url\":\"https:\/\/www.one.org\/africa\/fr\/\",\"name\":\"ONE.org\",\"description\":\"Cr\u00e9er des opportunit\u00e9s \u00e9conomiques et am\u00e9liorer la sant\u00e9 en Afrique\",\"potentialAction\":[{\"@type\":\"SearchAction\",\"target\":{\"@type\":\"EntryPoint\",\"urlTemplate\":\"https:\/\/www.one.org\/africa\/fr\/?s={search_term_string}\"},\"query-input\":{\"@type\":\"PropertyValueSpecification\",\"valueRequired\":true,\"valueName\":\"search_term_string\"}}],\"inLanguage\":\"fr-FR\"},{\"@type\":\"Person\",\"@id\":\"https:\/\/www.one.org\/africa\/fr\/#\/schema\/person\/236ef43a079c36667c3f1de2da8e0838\",\"name\":\"admin\",\"image\":{\"@type\":\"ImageObject\",\"inLanguage\":\"fr-FR\",\"@id\":\"https:\/\/www.one.org\/africa\/fr\/#\/schema\/person\/image\/\",\"url\":\"https:\/\/secure.gravatar.com\/avatar\/2b4204681b789d34ede86a735f8b6378df901f7f7ab7a9ca89af4670b2bb13b8?s=96&d=mm&r=g\",\"contentUrl\":\"https:\/\/secure.gravatar.com\/avatar\/2b4204681b789d34ede86a735f8b6378df901f7f7ab7a9ca89af4670b2bb13b8?s=96&d=mm&r=g\",\"caption\":\"admin\"},\"sameAs\":[\"http:\/\/www.one.org\"],\"url\":\"https:\/\/www.one.org\/africa\/fr\/stories\/author\/admin\/\"}]}<\/script>\n<!-- \/ Yoast SEO Premium plugin. -->","yoast_head_json":{"title":"Les artistes africains s\u2019unissent dans le nouvel hymne \u00e0 la solidarit\u00e9. - ONE.org Africa","robots":{"index":"index","follow":"follow","max-snippet":"max-snippet:-1","max-image-preview":"max-image-preview:large","max-video-preview":"max-video-preview:-1"},"canonical":"https:\/\/www.one.org\/africa\/fr\/stories\/les-artistes-africains-sunissent-dans-le-nouvel-hymne-a-la-solidarite-en-temps-de-pandemie\/","og_locale":"fr_FR","og_type":"article","og_title":"Les artistes africains s\u2019unissent dans le nouvel hymne \u00e0 la solidarit\u00e9.","og_description":"ONE Campaign et 10 des plus grandes stars de la musique africaine se sont r&eacute;unis pour produire une chanson appelant le monde &agrave; se solidariser pour lutter contre COVID-19. En partenariat avec la Fondation Nelson Mandela et MTV Base, &ldquo;Stand Together&rdquo; est un hymne de solidarit&eacute; mettant en sc&egrave;ne de grandes stars de la musique [&hellip;]","og_url":"https:\/\/www.one.org\/africa\/fr\/stories\/les-artistes-africains-sunissent-dans-le-nouvel-hymne-a-la-solidarite-en-temps-de-pandemie\/","og_site_name":"ONE.org Africa","article_publisher":"https:\/\/www.facebook.com\/ONEinAfrica","article_published_time":"2020-07-28T16:52:26+00:00","article_modified_time":"2023-09-12T11:30:24+00:00","og_image":[{"width":628,"height":628,"url":"https:\/\/www.one.org\/africa\/wp-content\/uploads\/sites\/5\/2020\/07\/Stand_Together_featured-1.jpeg","type":"image\/jpeg"}],"author":"admin","twitter_card":"summary_large_image","twitter_creator":"@ONEinAfrica","twitter_site":"@ONEinAfrica","twitter_misc":{"Written by":"admin","Est. reading time":"2 minutes"},"schema":{"@context":"https:\/\/schema.org","@graph":[{"@type":"Article","@id":"https:\/\/www.one.org\/africa\/fr\/stories\/les-artistes-africains-sunissent-dans-le-nouvel-hymne-a-la-solidarite-en-temps-de-pandemie\/#article","isPartOf":{"@id":"https:\/\/www.one.org\/africa\/fr\/stories\/les-artistes-africains-sunissent-dans-le-nouvel-hymne-a-la-solidarite-en-temps-de-pandemie\/"},"author":{"name":"admin","@id":"https:\/\/www.one.org\/africa\/fr\/#\/schema\/person\/236ef43a079c36667c3f1de2da8e0838"},"headline":"Les artistes africains s\u2019unissent dans le nouvel hymne \u00e0 la solidarit\u00e9.","datePublished":"2020-07-28T16:52:26+00:00","dateModified":"2023-09-12T11:30:24+00:00","mainEntityOfPage":{"@id":"https:\/\/www.one.org\/africa\/fr\/stories\/les-artistes-africains-sunissent-dans-le-nouvel-hymne-a-la-solidarite-en-temps-de-pandemie\/"},"wordCount":372,"commentCount":0,"image":{"@id":"https:\/\/www.one.org\/africa\/fr\/stories\/les-artistes-africains-sunissent-dans-le-nouvel-hymne-a-la-solidarite-en-temps-de-pandemie\/#primaryimage"},"thumbnailUrl":"https:\/\/www.one.org\/africa\/wp-content\/uploads\/sites\/5\/2020\/07\/Stand_Together_featured-1.jpeg","inLanguage":"fr-FR","potentialAction":[{"@type":"CommentAction","name":"Comment","target":["https:\/\/www.one.org\/africa\/fr\/stories\/les-artistes-africains-sunissent-dans-le-nouvel-hymne-a-la-solidarite-en-temps-de-pandemie\/#respond"]}]},{"@type":"WebPage","@id":"https:\/\/www.one.org\/africa\/fr\/stories\/les-artistes-africains-sunissent-dans-le-nouvel-hymne-a-la-solidarite-en-temps-de-pandemie\/","url":"https:\/\/www.one.org\/africa\/fr\/stories\/les-artistes-africains-sunissent-dans-le-nouvel-hymne-a-la-solidarite-en-temps-de-pandemie\/","name":"Les artistes africains s\u2019unissent dans le nouvel hymne \u00e0 la solidarit\u00e9. - ONE.org Africa","isPartOf":{"@id":"https:\/\/www.one.org\/africa\/fr\/#website"},"primaryImageOfPage":{"@id":"https:\/\/www.one.org\/africa\/fr\/stories\/les-artistes-africains-sunissent-dans-le-nouvel-hymne-a-la-solidarite-en-temps-de-pandemie\/#primaryimage"},"image":{"@id":"https:\/\/www.one.org\/africa\/fr\/stories\/les-artistes-africains-sunissent-dans-le-nouvel-hymne-a-la-solidarite-en-temps-de-pandemie\/#primaryimage"},"thumbnailUrl":"https:\/\/www.one.org\/africa\/wp-content\/uploads\/sites\/5\/2020\/07\/Stand_Together_featured-1.jpeg","datePublished":"2020-07-28T16:52:26+00:00","dateModified":"2023-09-12T11:30:24+00:00","author":{"@id":"https:\/\/www.one.org\/africa\/fr\/#\/schema\/person\/236ef43a079c36667c3f1de2da8e0838"},"breadcrumb":{"@id":"https:\/\/www.one.org\/africa\/fr\/stories\/les-artistes-africains-sunissent-dans-le-nouvel-hymne-a-la-solidarite-en-temps-de-pandemie\/#breadcrumb"},"inLanguage":"fr-FR","potentialAction":[{"@type":"ReadAction","target":["https:\/\/www.one.org\/africa\/fr\/stories\/les-artistes-africains-sunissent-dans-le-nouvel-hymne-a-la-solidarite-en-temps-de-pandemie\/"]}]},{"@type":"ImageObject","inLanguage":"fr-FR","@id":"https:\/\/www.one.org\/africa\/fr\/stories\/les-artistes-africains-sunissent-dans-le-nouvel-hymne-a-la-solidarite-en-temps-de-pandemie\/#primaryimage","url":"https:\/\/www.one.org\/africa\/wp-content\/uploads\/sites\/5\/2020\/07\/Stand_Together_featured-1.jpeg","contentUrl":"https:\/\/www.one.org\/africa\/wp-content\/uploads\/sites\/5\/2020\/07\/Stand_Together_featured-1.jpeg","width":628,"height":628},{"@type":"BreadcrumbList","@id":"https:\/\/www.one.org\/africa\/fr\/stories\/les-artistes-africains-sunissent-dans-le-nouvel-hymne-a-la-solidarite-en-temps-de-pandemie\/#breadcrumb","itemListElement":[{"@type":"ListItem","position":1,"name":"Home","item":"https:\/\/www.one.org\/africa\/fr\/"},{"@type":"ListItem","position":2,"name":"Les artistes africains s\u2019unissent dans le nouvel hymne \u00e0 la solidarit\u00e9."}]},{"@type":"WebSite","@id":"https:\/\/www.one.org\/africa\/fr\/#website","url":"https:\/\/www.one.org\/africa\/fr\/","name":"ONE.org","description":"Cr\u00e9er des opportunit\u00e9s \u00e9conomiques et am\u00e9liorer la sant\u00e9 en Afrique","potentialAction":[{"@type":"SearchAction","target":{"@type":"EntryPoint","urlTemplate":"https:\/\/www.one.org\/africa\/fr\/?s={search_term_string}"},"query-input":{"@type":"PropertyValueSpecification","valueRequired":true,"valueName":"search_term_string"}}],"inLanguage":"fr-FR"},{"@type":"Person","@id":"https:\/\/www.one.org\/africa\/fr\/#\/schema\/person\/236ef43a079c36667c3f1de2da8e0838","name":"admin","image":{"@type":"ImageObject","inLanguage":"fr-FR","@id":"https:\/\/www.one.org\/africa\/fr\/#\/schema\/person\/image\/","url":"https:\/\/secure.gravatar.com\/avatar\/2b4204681b789d34ede86a735f8b6378df901f7f7ab7a9ca89af4670b2bb13b8?s=96&d=mm&r=g","contentUrl":"https:\/\/secure.gravatar.com\/avatar\/2b4204681b789d34ede86a735f8b6378df901f7f7ab7a9ca89af4670b2bb13b8?s=96&d=mm&r=g","caption":"admin"},"sameAs":["http:\/\/www.one.org"],"url":"https:\/\/www.one.org\/africa\/fr\/stories\/author\/admin\/"}]}},"distributor_meta":false,"distributor_terms":false,"distributor_media":false,"distributor_original_site_name":"ONE.org Africa","distributor_original_site_url":"https:\/\/www.one.org\/africa\/fr\/","push-errors":false,"_links":{"self":[{"href":"https:\/\/www.one.org\/africa\/fr\/wp-json\/wp\/v2\/posts\/162111","targetHints":{"allow":["GET"]}}],"collection":[{"href":"https:\/\/www.one.org\/africa\/fr\/wp-json\/wp\/v2\/posts"}],"about":[{"href":"https:\/\/www.one.org\/africa\/fr\/wp-json\/wp\/v2\/types\/post"}],"author":[{"embeddable":true,"href":"https:\/\/www.one.org\/africa\/fr\/wp-json\/wp\/v2\/users\/1"}],"replies":[{"embeddable":true,"href":"https:\/\/www.one.org\/africa\/fr\/wp-json\/wp\/v2\/comments?post=162111"}],"version-history":[{"count":0,"href":"https:\/\/www.one.org\/africa\/fr\/wp-json\/wp\/v2\/posts\/162111\/revisions"}],"wp:featuredmedia":[{"embeddable":true,"href":"https:\/\/www.one.org\/africa\/fr\/wp-json\/wp\/v2\/media\/163417"}],"wp:attachment":[{"href":"https:\/\/www.one.org\/africa\/fr\/wp-json\/wp\/v2\/media?parent=162111"}],"wp:term":[{"taxonomy":"category","embeddable":true,"href":"https:\/\/www.one.org\/africa\/fr\/wp-json\/wp\/v2\/categories?post=162111"},{"taxonomy":"post_tag","embeddable":true,"href":"https:\/\/www.one.org\/africa\/fr\/wp-json\/wp\/v2\/tags?post=162111"},{"taxonomy":"topic","embeddable":true,"href":"https:\/\/www.one.org\/africa\/fr\/wp-json\/wp\/v2\/topic?post=162111"},{"taxonomy":"contributor","embeddable":true,"href":"https:\/\/www.one.org\/africa\/fr\/wp-json\/wp\/v2\/contributor?post=162111"},{"taxonomy":"one_content_audience","embeddable":true,"href":"https:\/\/www.one.org\/africa\/fr\/wp-json\/wp\/v2\/one_content_audience?post=162111"},{"taxonomy":"one_content_type","embeddable":true,"href":"https:\/\/www.one.org\/africa\/fr\/wp-json\/wp\/v2\/one_content_type?post=162111"},{"taxonomy":"one_content_tone","embeddable":true,"href":"https:\/\/www.one.org\/africa\/fr\/wp-json\/wp\/v2\/one_content_tone?post=162111"}],"curies":[{"name":"wp","href":"https:\/\/api.w.org\/{rel}","templated":true}]}}